{"id":10858,"date":"2024-04-12T08:39:16","date_gmt":"2024-04-12T11:39:16","guid":{"rendered":"https:\/\/minutobahia24h.com.br\/?p=10858"},"modified":"2024-04-12T08:39:17","modified_gmt":"2024-04-12T11:39:17","slug":"congresso-deve-derrubar-veto-de-lula-que-permite-saidinhas-para-visita-familiar","status":"publish","type":"post","link":"https:\/\/minutobahia24h.com.br\/?p=10858","title":{"rendered":"Congresso deve derrubar veto de Lula que permite saidinhas para visita familiar"},"content":{"rendered":"<div class=\"wp-block-image\">\n<figure class=\"aligncenter size-full\"><img data-recalc-dims=\"1\" fetchpriority=\"high\" decoding=\"async\" width=\"600\" height=\"420\" src=\"https:\/\/i0.wp.com\/minutobahia24h.com.br\/wp-content\/uploads\/2024\/04\/Sem-titulo-150.jpg?resize=600%2C420&#038;ssl=1\" alt=\"\" class=\"wp-image-10859\" srcset=\"https:\/\/i0.wp.com\/minutobahia24h.com.br\/wp-content\/uploads\/2024\/04\/Sem-titulo-150.jpg?w=600&amp;ssl=1 600w, https:\/\/i0.wp.com\/minutobahia24h.com.br\/wp-content\/uploads\/2024\/04\/Sem-titulo-150.jpg?resize=300%2C210&amp;ssl=1 300w\" sizes=\"(max-width: 600px) 100vw, 600px\" \/><figcaption class=\"wp-element-caption\">Foto: Wilson Dias\/Ag\u00eancia Brasil<br><\/figcaption><\/figure>\n<\/div>\n\n\n<p>Lideran\u00e7as do Congresso Nacional d\u00e3o como certa a derrubada do veto do presidente Lula (PT) ao ponto central do projeto que acaba com as sa\u00eddas tempor\u00e1rias de presos, aprovado pelos parlamentares neste ano.<\/p>\n\n\n\n<p>Segundo a coluna Painel, do jornal Folha de S. Paulo, o presidente manteve as saidinhas para que os detentos possam visitar familiares em datas comemorativas. O an\u00fancio foi feito nesta quinta (11) pelo ministro Ricardo Lewandowski, no Pal\u00e1cio do Planalto.<\/p>\n\n\n\n<p>\u201cEstamos sugerindo ao presidente da Rep\u00fablica, e certamente ele acatar\u00e1, por motivos humanit\u00e1rios e tamb\u00e9m constitucionais, preservar apenas e t\u00e3o somente a possibilidade do preso que est\u00e1 em regime semiaberto visitar a fam\u00edlia\u201d, disse o ministro.<\/p>\n\n\n\n<p>L\u00edderes da C\u00e2mara dos Deputados e do Senado afirmaram \u00e0 reportagem que o veto ser\u00e1 derrubado em sess\u00e3o do Congresso sem grandes dificuldades.<\/p>\n\n\n\n<p>Para que isso aconte\u00e7a, \u00e9 necess\u00e1ria a maioria absoluta dos votos em cada uma das Casas \u2014ou seja, no m\u00ednimo, 257 deputados e 41 senadores precisam votar a favor da derrubada do veto.<\/p>\n\n\n\n<p>Um representante do centr\u00e3o diz ainda que n\u00e3o ser\u00e1 preciso fazer uma grande articula\u00e7\u00e3o, j\u00e1 que o fim da sa\u00edda tempor\u00e1ria dos presos \u00e9 um tema que tem apoio da grande maioria dos parlamentares, sobretudo em ano de elei\u00e7\u00f5es municipais.<\/p>\n\n\n\n<p>O PL foi aprovado na C\u00e2mara em mar\u00e7o de forma simb\u00f3lica (quando n\u00e3o h\u00e1 contabiliza\u00e7\u00e3o de votos), com empenho de pol\u00edticos como o governador de S\u00e3o Paulo, Tarc\u00edsio de Freitas (Republicanos), que chegou a se reunir com bancadas partid\u00e1rias para tratar do tema e com o pr\u00f3prio presidente da Casa, Arthur Lira (PP-AL).<\/p>\n\n\n\n<p>No Senado, apenas dois senadores foram a favor de manter as saidinhas: Cid Gomes (PSB-CE) e Rog\u00e9rio Carvalho (PT-SE). O ent\u00e3o l\u00edder do PT, Fabiano Contarato (ES), votou a favor do projeto \u2014aprovado com 62 dos 81 votos.<\/p>\n\n\n\n<p>A sa\u00edda tempor\u00e1ria \u00e9 um direito concedido h\u00e1 quase quatro d\u00e9cadas pela Justi\u00e7a a presos do sistema semiaberto que j\u00e1 tenham cumprido ao menos um sexto da pena, no caso de r\u00e9u prim\u00e1rio, e um quarto da pena, em caso de reincid\u00eancia, entre outros requisitos.<\/p>\n\n\n\n<p>L\u00edderes da C\u00e2mara afirmam tamb\u00e9m que j\u00e1 era esperado que o petista vetaria isso, por se tratar de um tema caro \u00e0 sua base e milit\u00e2ncia. Eles dizem que o pr\u00f3prio Executivo j\u00e1 deve ter precificado essa derrubada do veto.<\/p>\n\n\n\n<p>Bahia.ba<\/p>\n","protected":false},"excerpt":{"rendered":"<p>Lideran\u00e7as do Congresso Nacional d\u00e3o como certa a derrubada do veto do presidente Lula (PT) ao ponto central do projeto que acaba com as sa\u00eddas tempor\u00e1rias de presos, aprovado pelos parlamentares neste ano. Segundo a coluna Painel, do jornal Folha de S. Paulo, o presidente manteve as saidinhas para que os detentos possam visitar familiares [&hellip;]<\/p>\n","protected":false},"author":2,"featured_media":10859,"comment_status":"open","ping_status":"open","sticky":false,"template":"","format":"standard","meta":{"_jetpack_memberships_contains_paid_content":false,"footnotes":""},"categories":[39],"tags":[],"class_list":["post-10858","post","type-post","status-publish","format-standard","has-post-thumbnail","hentry","category-politica"],"aioseo_notices":[],"jetpack_featured_media_url":"https:\/\/i0.wp.com\/minutobahia24h.com.br\/wp-content\/uploads\/2024\/04\/Sem-titulo-150.jpg?fit=600%2C420&ssl=1","jetpack_sharing_enabled":true,"_links":{"self":[{"href":"https:\/\/minutobahia24h.com.br\/index.php?rest_route=\/wp\/v2\/posts\/10858","targetHints":{"allow":["GET"]}}],"collection":[{"href":"https:\/\/minutobahia24h.com.br\/index.php?rest_route=\/wp\/v2\/posts"}],"about":[{"href":"https:\/\/minutobahia24h.com.br\/index.php?rest_route=\/wp\/v2\/types\/post"}],"author":[{"embeddable":true,"href":"https:\/\/minutobahia24h.com.br\/index.php?rest_route=\/wp\/v2\/users\/2"}],"replies":[{"embeddable":true,"href":"https:\/\/minutobahia24h.com.br\/index.php?rest_route=%2Fwp%2Fv2%2Fcomments&post=10858"}],"version-history":[{"count":1,"href":"https:\/\/minutobahia24h.com.br\/index.php?rest_route=\/wp\/v2\/posts\/10858\/revisions"}],"predecessor-version":[{"id":10860,"href":"https:\/\/minutobahia24h.com.br\/index.php?rest_route=\/wp\/v2\/posts\/10858\/revisions\/10860"}],"wp:featuredmedia":[{"embeddable":true,"href":"https:\/\/minutobahia24h.com.br\/index.php?rest_route=\/wp\/v2\/media\/10859"}],"wp:attachment":[{"href":"https:\/\/minutobahia24h.com.br\/index.php?rest_route=%2Fwp%2Fv2%2Fmedia&parent=10858"}],"wp:term":[{"taxonomy":"category","embeddable":true,"href":"https:\/\/minutobahia24h.com.br\/index.php?rest_route=%2Fwp%2Fv2%2Fcategories&post=10858"},{"taxonomy":"post_tag","embeddable":true,"href":"https:\/\/minutobahia24h.com.br\/index.php?rest_route=%2Fwp%2Fv2%2Ftags&post=10858"}],"curies":[{"name":"wp","href":"https:\/\/api.w.org\/{rel}","templated":true}]}}