{"id":10842,"date":"2024-04-12T07:47:56","date_gmt":"2024-04-12T10:47:56","guid":{"rendered":"https:\/\/minutobahia24h.com.br\/?p=10842"},"modified":"2024-04-12T07:47:57","modified_gmt":"2024-04-12T10:47:57","slug":"camara-municipal-de-senhor-do-bonfim-realiza-a-14a-sessao-ordinaria-do-primeiro-semestre","status":"publish","type":"post","link":"https:\/\/minutobahia24h.com.br\/?p=10842","title":{"rendered":"C\u00e2mara Municipal de Senhor do Bonfim realiza a 14\u00aa sess\u00e3o ordin\u00e1ria do primeiro semestre"},"content":{"rendered":"\n<p>Nesta quinta-feira, 11 de abril, a C\u00e2mara Municipal de Senhor do Bonfim realizou a 14\u00aa Sess\u00e3o ordin\u00e1ria do primeiro semestre presidida pelo Vereador Idailton Galeguinho.<\/p>\n\n\n<div class=\"wp-block-image\">\n<figure class=\"aligncenter size-large\"><img data-recalc-dims=\"1\" fetchpriority=\"high\" decoding=\"async\" width=\"800\" height=\"600\" src=\"https:\/\/i0.wp.com\/minutobahia24h.com.br\/wp-content\/uploads\/2024\/04\/WhatsApp-Image-2024-04-11-at-21.55.36-1024x768.jpeg?resize=800%2C600&#038;ssl=1\" alt=\"\" class=\"wp-image-10843\" srcset=\"https:\/\/i0.wp.com\/minutobahia24h.com.br\/wp-content\/uploads\/2024\/04\/WhatsApp-Image-2024-04-11-at-21.55.36.jpeg?resize=1024%2C768&amp;ssl=1 1024w, https:\/\/i0.wp.com\/minutobahia24h.com.br\/wp-content\/uploads\/2024\/04\/WhatsApp-Image-2024-04-11-at-21.55.36.jpeg?resize=300%2C225&amp;ssl=1 300w, https:\/\/i0.wp.com\/minutobahia24h.com.br\/wp-content\/uploads\/2024\/04\/WhatsApp-Image-2024-04-11-at-21.55.36.jpeg?resize=768%2C576&amp;ssl=1 768w, https:\/\/i0.wp.com\/minutobahia24h.com.br\/wp-content\/uploads\/2024\/04\/WhatsApp-Image-2024-04-11-at-21.55.36.jpeg?resize=1536%2C1152&amp;ssl=1 1536w, https:\/\/i0.wp.com\/minutobahia24h.com.br\/wp-content\/uploads\/2024\/04\/WhatsApp-Image-2024-04-11-at-21.55.36.jpeg?resize=750%2C563&amp;ssl=1 750w, https:\/\/i0.wp.com\/minutobahia24h.com.br\/wp-content\/uploads\/2024\/04\/WhatsApp-Image-2024-04-11-at-21.55.36.jpeg?resize=1140%2C855&amp;ssl=1 1140w, https:\/\/i0.wp.com\/minutobahia24h.com.br\/wp-content\/uploads\/2024\/04\/WhatsApp-Image-2024-04-11-at-21.55.36.jpeg?w=1600&amp;ssl=1 1600w\" sizes=\"(max-width: 800px) 100vw, 800px\" \/><\/figure>\n<\/div>\n\n\n<figure class=\"wp-block-gallery has-nested-images columns-default is-cropped wp-block-gallery-1 is-layout-flex wp-block-gallery-is-layout-flex\">\n<figure class=\"wp-block-image size-large\"><img data-recalc-dims=\"1\" decoding=\"async\" width=\"800\" height=\"600\" data-id=\"10844\" src=\"https:\/\/i0.wp.com\/minutobahia24h.com.br\/wp-content\/uploads\/2024\/04\/WhatsApp-Image-2024-04-11-at-21.55.36-1-1024x768.jpeg?resize=800%2C600&#038;ssl=1\" alt=\"\" class=\"wp-image-10844\" srcset=\"https:\/\/i0.wp.com\/minutobahia24h.com.br\/wp-content\/uploads\/2024\/04\/WhatsApp-Image-2024-04-11-at-21.55.36-1.jpeg?resize=1024%2C768&amp;ssl=1 1024w, https:\/\/i0.wp.com\/minutobahia24h.com.br\/wp-content\/uploads\/2024\/04\/WhatsApp-Image-2024-04-11-at-21.55.36-1.jpeg?resize=300%2C225&amp;ssl=1 300w, https:\/\/i0.wp.com\/minutobahia24h.com.br\/wp-content\/uploads\/2024\/04\/WhatsApp-Image-2024-04-11-at-21.55.36-1.jpeg?resize=768%2C576&amp;ssl=1 768w, https:\/\/i0.wp.com\/minutobahia24h.com.br\/wp-content\/uploads\/2024\/04\/WhatsApp-Image-2024-04-11-at-21.55.36-1.jpeg?resize=1536%2C1152&amp;ssl=1 1536w, https:\/\/i0.wp.com\/minutobahia24h.com.br\/wp-content\/uploads\/2024\/04\/WhatsApp-Image-2024-04-11-at-21.55.36-1.jpeg?resize=750%2C563&amp;ssl=1 750w, https:\/\/i0.wp.com\/minutobahia24h.com.br\/wp-content\/uploads\/2024\/04\/WhatsApp-Image-2024-04-11-at-21.55.36-1.jpeg?resize=1140%2C855&amp;ssl=1 1140w, https:\/\/i0.wp.com\/minutobahia24h.com.br\/wp-content\/uploads\/2024\/04\/WhatsApp-Image-2024-04-11-at-21.55.36-1.jpeg?w=1600&amp;ssl=1 1600w\" sizes=\"(max-width: 800px) 100vw, 800px\" \/><\/figure>\n\n\n\n<figure class=\"wp-block-image size-large\"><img data-recalc-dims=\"1\" decoding=\"async\" width=\"800\" height=\"600\" data-id=\"10845\" src=\"https:\/\/i0.wp.com\/minutobahia24h.com.br\/wp-content\/uploads\/2024\/04\/WhatsApp-Image-2024-04-11-at-21.55.37-1-1024x768.jpeg?resize=800%2C600&#038;ssl=1\" alt=\"\" class=\"wp-image-10845\" srcset=\"https:\/\/i0.wp.com\/minutobahia24h.com.br\/wp-content\/uploads\/2024\/04\/WhatsApp-Image-2024-04-11-at-21.55.37-1.jpeg?resize=1024%2C768&amp;ssl=1 1024w, https:\/\/i0.wp.com\/minutobahia24h.com.br\/wp-content\/uploads\/2024\/04\/WhatsApp-Image-2024-04-11-at-21.55.37-1.jpeg?resize=300%2C225&amp;ssl=1 300w, https:\/\/i0.wp.com\/minutobahia24h.com.br\/wp-content\/uploads\/2024\/04\/WhatsApp-Image-2024-04-11-at-21.55.37-1.jpeg?resize=768%2C576&amp;ssl=1 768w, https:\/\/i0.wp.com\/minutobahia24h.com.br\/wp-content\/uploads\/2024\/04\/WhatsApp-Image-2024-04-11-at-21.55.37-1.jpeg?resize=1536%2C1152&amp;ssl=1 1536w, https:\/\/i0.wp.com\/minutobahia24h.com.br\/wp-content\/uploads\/2024\/04\/WhatsApp-Image-2024-04-11-at-21.55.37-1.jpeg?resize=750%2C563&amp;ssl=1 750w, https:\/\/i0.wp.com\/minutobahia24h.com.br\/wp-content\/uploads\/2024\/04\/WhatsApp-Image-2024-04-11-at-21.55.37-1.jpeg?resize=1140%2C855&amp;ssl=1 1140w, https:\/\/i0.wp.com\/minutobahia24h.com.br\/wp-content\/uploads\/2024\/04\/WhatsApp-Image-2024-04-11-at-21.55.37-1.jpeg?w=1600&amp;ssl=1 1600w\" sizes=\"(max-width: 800px) 100vw, 800px\" \/><\/figure>\n\n\n\n<figure class=\"wp-block-image size-large\"><img data-recalc-dims=\"1\" loading=\"lazy\" decoding=\"async\" width=\"800\" height=\"600\" data-id=\"10846\" src=\"https:\/\/i0.wp.com\/minutobahia24h.com.br\/wp-content\/uploads\/2024\/04\/WhatsApp-Image-2024-04-11-at-21.55.37-1024x768.jpeg?resize=800%2C600&#038;ssl=1\" alt=\"\" class=\"wp-image-10846\" srcset=\"https:\/\/i0.wp.com\/minutobahia24h.com.br\/wp-content\/uploads\/2024\/04\/WhatsApp-Image-2024-04-11-at-21.55.37.jpeg?resize=1024%2C768&amp;ssl=1 1024w, https:\/\/i0.wp.com\/minutobahia24h.com.br\/wp-content\/uploads\/2024\/04\/WhatsApp-Image-2024-04-11-at-21.55.37.jpeg?resize=300%2C225&amp;ssl=1 300w, https:\/\/i0.wp.com\/minutobahia24h.com.br\/wp-content\/uploads\/2024\/04\/WhatsApp-Image-2024-04-11-at-21.55.37.jpeg?resize=768%2C576&amp;ssl=1 768w, https:\/\/i0.wp.com\/minutobahia24h.com.br\/wp-content\/uploads\/2024\/04\/WhatsApp-Image-2024-04-11-at-21.55.37.jpeg?resize=1536%2C1152&amp;ssl=1 1536w, https:\/\/i0.wp.com\/minutobahia24h.com.br\/wp-content\/uploads\/2024\/04\/WhatsApp-Image-2024-04-11-at-21.55.37.jpeg?resize=750%2C563&amp;ssl=1 750w, https:\/\/i0.wp.com\/minutobahia24h.com.br\/wp-content\/uploads\/2024\/04\/WhatsApp-Image-2024-04-11-at-21.55.37.jpeg?resize=1140%2C855&amp;ssl=1 1140w, https:\/\/i0.wp.com\/minutobahia24h.com.br\/wp-content\/uploads\/2024\/04\/WhatsApp-Image-2024-04-11-at-21.55.37.jpeg?w=1600&amp;ssl=1 1600w\" sizes=\"(max-width: 800px) 100vw, 800px\" \/><\/figure>\n<\/figure>\n\n\n\n<p><strong><u>EXPEDIENTE<\/u><\/strong><\/p>\n\n\n\n<p>\u2022 Projeto de Lei do Legislativo n\u00ba 014\/2024, de autoria do vereador Arinaldo Urbano da Costa, que \u201cInstitui a Pol\u00edtica Municipal de aten\u00e7\u00e3o \u00e0 sa\u00fade mental\u201d;<\/p>\n\n\n\n<p>\u2022 Projeto de Lei do Legislativo n\u00ba 015\/2024, de autoria do vereador Arinaldo Urbano da Costa, que \u201cDisp\u00f5e sobre o Programa \u2018Casa de Acolhida para a Terceira Idade\u2019\u201d;<\/p>\n\n\n\n<p>\u2022 Parecer da Comiss\u00e3o Permanente de Legisla\u00e7\u00e3o, Justi\u00e7a, Postura e Reda\u00e7\u00e3o Final ao Projeto de Lei do Legislativo n\u00ba 041, de 19 de julho de 2023.<\/p>\n\n\n\n<p><strong><u>ORDEM DO DIA<\/u><\/strong><\/p>\n\n\n\n<p><strong>\u2022 Parecer<\/strong> da Comiss\u00e3o Permanente de Legisla\u00e7\u00e3o, Justi\u00e7a, Postura e Reda\u00e7\u00e3o Final ao Projeto de Lei do Legislativo n\u00ba 041, de 19 de julho de 2023;<\/p>\n\n\n\n<p>&nbsp;\u2022 <strong>Projeto de Lei do Legislativo n\u00ba 041\/2023<\/strong>, de autoria do Vereador Elizeu Concei\u00e7\u00e3o de Souza, que \u201cD\u00e1 denomina\u00e7\u00e3o ao espa\u00e7o reformado pela Prefeitura, o qual se encontra localizado na Pra\u00e7a Alexandre Goes, e d\u00e1 outras provid\u00eancias\u201d.<\/p>\n\n\n\n<p><strong><u>DISCUSS\u00c3O DO PROJETO DE LEI DO LEGISLATIVO N\u00ba 041\/2023:<\/u><\/strong><\/p>\n\n\n\n<p><strong>Vereador Elizeu dos Temperos (PP):<\/strong> O vereador agradeceu aos colegas da associa\u00e7\u00e3o de transporte cooperativo, ATRAC Bonfim, pela presen\u00e7a na sess\u00e3o ordin\u00e1ria. Ele pediu aos demais vereadores que apoiem seu projeto de lei para nomear um espa\u00e7o reformado pela prefeitura na Pra\u00e7a Alexandre G\u00f3es, com o objetivo de homenagear Pedro Moura, que teve um papel importante na classe de transportes alternativo do Munic\u00edpio.<\/p>\n\n\n\n<p><strong>Vereador Helson de Carvalho (UB): <\/strong>O vereador cumprimentou os colegas da Associa\u00e7\u00e3o de Transporte Cooperativo de Senhor Bonfim presentes na sess\u00e3o ordin\u00e1ria. Ele expressou sua preocupa\u00e7\u00e3o com o projeto, destacando que \u00e9 proibido, por lei, alterar o nome de qualquer localidade que j\u00e1 tenha sido nomeada por mais de 10 anos. Embora tenha afirmado que votar\u00e1 a favor do projeto se desejarem prosseguir, solicitou que fosse retirado da pauta para permitir que os vereadores consultem mais detalhadamente sobre o assunto.<\/p>\n\n\n\n<p><strong>Vereador Herm\u00f3genes Almeida (PT):<\/strong> Sugeriu que a mesa diretora ajustasse o projeto de acordo com as preocupa\u00e7\u00f5es levantadas pelo vereador Helson de Carvalho, que tamb\u00e9m se manifestou sobre o assunto. O vereador destacou a import\u00e2ncia de considerar a hist\u00f3ria local ao propor projetos que envolvam a denomina\u00e7\u00e3o de espa\u00e7os p\u00fablicos.<\/p>\n\n\n\n<p><strong>Vereador Ary Urbano (UB): <\/strong>O vereador abordou a relev\u00e2ncia hist\u00f3rica da Pra\u00e7a Alexandre G\u00f3es, tamb\u00e9m conhecida como Pra\u00e7a do INSS, na cidade. Ele esclareceu que o projeto n\u00e3o tem a inten\u00e7\u00e3o de substituir o nome da pra\u00e7a, mas sim de nomear o espa\u00e7o designado para os pontos de vans em homenagem a Pedro Moura. O edil destacou a import\u00e2ncia do homenageado para a classe de transportes de Senhor do Bonfim, ressaltando seu comprometimento e preocupa\u00e7\u00e3o com as necessidades da categoria.<\/p>\n\n\n\n<p><strong>O PROJETO DE LEI FOI APROVADO.<\/strong><\/p>\n\n\n\n<p><strong><u>ORDEM DAS BANCADAS<\/u><\/strong><\/p>\n\n\n\n<p><strong><u>BANCADA A (PP): <\/u><\/strong>N\u00e3o utilizaram da fala.<\/p>\n\n\n\n<p><strong><u>BANCADA B (PT e PCdoB):<\/u><\/strong><\/p>\n\n\n\n<p><strong>Vereador Herm\u00f3genes Almeida (PT): <\/strong>O vereador informou que o governador estar\u00e1 na cidade de Sa\u00fade-BA para inaugurar uma nova escola em tempo integral, al\u00e9m de outras importantes obras, como a delegacia de pol\u00edcia, o est\u00e1dio e o mercado municipal. Ele convidou todos os edis interessados a acompanharem o chefe do executivo estadual nesses eventos. O vereador tamb\u00e9m voltou a abordar a quest\u00e3o da sa\u00fade p\u00fablica, expressando a preocupa\u00e7\u00e3o dos cidad\u00e3os de Senhor do Bonfim referente a essa pauta.<\/p>\n\n\n\n<p><strong><u>BANCADA C (UB E PL):<\/u><\/strong><\/p>\n\n\n\n<p><strong>Vereador Ary Urbano (UB): <\/strong>O vereador fez cobran\u00e7as aos vereadores de oposi\u00e7\u00e3o para que pressionem por melhorias na \u00e1rea da sa\u00fade em rela\u00e7\u00e3o a regula\u00e7\u00e3o, sistema do governo do estado. Ele tamb\u00e9m destacou a import\u00e2ncia de os vereadores de oposi\u00e7\u00e3o se preocuparem com as taxas de esgotamento sanit\u00e1rio cobradas dos cidad\u00e3os. Al\u00e9m disso, o edil parabenizou o prefeito La\u00e9rcio pelo Dia do Prefeito, celebrado neste dia 11 de abril, e enumerou algumas das realiza\u00e7\u00f5es feitas durante o seu mandato.<\/p>\n\n\n\n<p><strong><u>BANCADA D (REPUBLICANOS E SOLIDARIEDADE):<\/u><\/strong><\/p>\n\n\n\n<p><strong>Vereador Biro Biro (REPUBLICANOS): <\/strong>O vereador relatou ter sido procurado por alguns empreendedores interessados em propor um projeto que ofere\u00e7a incentivos aos empres\u00e1rios de Senhor do Bonfim, visando melhorar a qualidade da classe empreendedora.<\/p>\n\n\n\n<p><strong>ASCOM \u2013 CMSB \u2013 \u201cO FUTURO DO NOSSO MUNIC\u00cdPIO PASSA POR AQUI.\u201d<\/strong><\/p>\n","protected":false},"excerpt":{"rendered":"<p>Nesta quinta-feira, 11 de abril, a C\u00e2mara Municipal de Senhor do Bonfim realizou a 14\u00aa Sess\u00e3o ordin\u00e1ria do primeiro semestre presidida pelo Vereador Idailton Galeguinho. EXPEDIENTE \u2022 Projeto de Lei do Legislativo n\u00ba 014\/2024, de autoria do vereador Arinaldo Urbano da Costa, que \u201cInstitui a Pol\u00edtica Municipal de aten\u00e7\u00e3o \u00e0 sa\u00fade mental\u201d; \u2022 Projeto de [&hellip;]<\/p>\n","protected":false},"author":2,"featured_media":10843,"comment_status":"open","ping_status":"open","sticky":false,"template":"","format":"standard","meta":{"_jetpack_memberships_contains_paid_content":false,"footnotes":""},"categories":[17],"tags":[],"class_list":["post-10842","post","type-post","status-publish","format-standard","has-post-thumbnail","hentry","category-senhor-do-bonfim"],"aioseo_notices":[],"jetpack_featured_media_url":"https:\/\/i0.wp.com\/minutobahia24h.com.br\/wp-content\/uploads\/2024\/04\/WhatsApp-Image-2024-04-11-at-21.55.36.jpeg?fit=1600%2C1200&ssl=1","jetpack_sharing_enabled":true,"_links":{"self":[{"href":"https:\/\/minutobahia24h.com.br\/index.php?rest_route=\/wp\/v2\/posts\/10842","targetHints":{"allow":["GET"]}}],"collection":[{"href":"https:\/\/minutobahia24h.com.br\/index.php?rest_route=\/wp\/v2\/posts"}],"about":[{"href":"https:\/\/minutobahia24h.com.br\/index.php?rest_route=\/wp\/v2\/types\/post"}],"author":[{"embeddable":true,"href":"https:\/\/minutobahia24h.com.br\/index.php?rest_route=\/wp\/v2\/users\/2"}],"replies":[{"embeddable":true,"href":"https:\/\/minutobahia24h.com.br\/index.php?rest_route=%2Fwp%2Fv2%2Fcomments&post=10842"}],"version-history":[{"count":1,"href":"https:\/\/minutobahia24h.com.br\/index.php?rest_route=\/wp\/v2\/posts\/10842\/revisions"}],"predecessor-version":[{"id":10847,"href":"https:\/\/minutobahia24h.com.br\/index.php?rest_route=\/wp\/v2\/posts\/10842\/revisions\/10847"}],"wp:featuredmedia":[{"embeddable":true,"href":"https:\/\/minutobahia24h.com.br\/index.php?rest_route=\/wp\/v2\/media\/10843"}],"wp:attachment":[{"href":"https:\/\/minutobahia24h.com.br\/index.php?rest_route=%2Fwp%2Fv2%2Fmedia&parent=10842"}],"wp:term":[{"taxonomy":"category","embeddable":true,"href":"https:\/\/minutobahia24h.com.br\/index.php?rest_route=%2Fwp%2Fv2%2Fcategories&post=10842"},{"taxonomy":"post_tag","embeddable":true,"href":"https:\/\/minutobahia24h.com.br\/index.php?rest_route=%2Fwp%2Fv2%2Ftags&post=10842"}],"curies":[{"name":"wp","href":"https:\/\/api.w.org\/{rel}","templated":true}]}}