{"id":10704,"date":"2024-04-09T07:03:00","date_gmt":"2024-04-09T10:03:00","guid":{"rendered":"https:\/\/minutobahia24h.com.br\/?p=10704"},"modified":"2024-04-11T14:33:14","modified_gmt":"2024-04-11T17:33:14","slug":"camara-de-senhor-do-bonfim-realiza-12-sessao-ordinaria-2","status":"publish","type":"post","link":"https:\/\/minutobahia24h.com.br\/?p=10704","title":{"rendered":"C\u00e2mara de Senhor do Bonfim realiza 13\u00b0 sess\u00e3o ordin\u00e1ria"},"content":{"rendered":"<div class=\"wp-block-image\">\n<figure class=\"aligncenter size-full\"><img data-recalc-dims=\"1\" fetchpriority=\"high\" decoding=\"async\" width=\"574\" height=\"1022\" src=\"https:\/\/i0.wp.com\/minutobahia24h.com.br\/wp-content\/uploads\/2024\/04\/Sem-titulo-115.jpg?resize=574%2C1022&#038;ssl=1\" alt=\"\" class=\"wp-image-10705\" srcset=\"https:\/\/i0.wp.com\/minutobahia24h.com.br\/wp-content\/uploads\/2024\/04\/Sem-titulo-115.jpg?w=574&amp;ssl=1 574w, https:\/\/i0.wp.com\/minutobahia24h.com.br\/wp-content\/uploads\/2024\/04\/Sem-titulo-115.jpg?resize=168%2C300&amp;ssl=1 168w\" sizes=\"(max-width: 574px) 100vw, 574px\" \/><\/figure>\n<\/div>\n\n\n<p><strong>CONFIRA AS MAT\u00c9RIAS QUE ESTAR\u00c3O EM PAUTA NA 13\u00aa SESS\u00c3O ORDIN\u00c1RIA DA C\u00c2MARA MUNICIPAL DE SENHOR DO BONFIM<\/strong><\/p>\n\n\n\n<p>EXPEDIENTE <\/p>\n\n\n\n<p>\u2022 Projeto de Lei do Legislativo n\u00ba 011\/2024, de autoria do vereador Cleber Nilton Lima do Nascimento, que \u201cD\u00e1 denomina\u00e7\u00e3o de campo sint\u00e9tico na Escola Nossa Senhora de F\u00e1tima, no bairro Alto da Maravilha, munic\u00edpio de Senhor do Bonfim, e d\u00e1 outras provid\u00eancias\u201d; <\/p>\n\n\n\n<p>\u2022 Projeto de Lei do Legislativo n\u00ba 012\/2024, de autoria do vereador Arinaldo Urbano da Costa, que \u201cConcede isen\u00e7\u00e3o do imposto predial e territorial urbano (IPTU) sobre im\u00f3veis integrantes do patrim\u00f4nio de portadores de neoplasia maligna (c\u00e2ncer), insufici\u00eancia renal aguda ou cr\u00f4nica graves (paciente de hemodi\u00e1lise) ou de seus dependentes e d\u00e1 outras provid\u00eancias\u201d; <\/p>\n\n\n\n<p>\u2022 Indica\u00e7\u00e3o n\u00ba 009\/2024, oriunda do gabinete do vereador Gilson Ernesto Leite Rodrigues, que indica um estudo das condi\u00e7\u00f5es salariais dos professores quando aposentados, j\u00e1 que, uma vez deferido o pedido dessa concess\u00e3o, o trabalhador tem perda em seu vencimento de at\u00e9 50%; buscar-se-ia com essa indica\u00e7\u00e3o a possibilidade de alcan\u00e7ar junto ao Poder Executivo uma lei que complementasse o sal\u00e1rio do professorado aposentado; <\/p>\n\n\n\n<p>\u2022 Indica\u00e7\u00e3o n\u00ba 009\/2024, oriunda do gabinete do vereador Arinaldo Urbano da Costa, que indica o \u201creparo em via p\u00fablica (paralelep\u00edpedo) na Rua Castro Alves, no bairro das Casas Populares\u201d; <\/p>\n\n\n\n<p>\u2022 Indica\u00e7\u00e3o n\u00ba 010\/2024, oriunda do gabinete do vereador Gilson Ernesto Leite Rodrigues, que indica o \u201cpatrolamento das estradas vicinais das estradas [sic] de Cariac\u00e1 de cima, fazenda Santa F\u00e9, fazenda Boa Esperan\u00e7a, fazenda V\u00e1rzea Funda e Tei\u00fa\u201d . <\/p>\n\n\n\n<p>N\u00c3O CONSTA MAT\u00c9RIA DA ORDEM DO DIA. <\/p>\n\n\n\n<p>Hoje, \u00e0s 19h, a C\u00e2mara Municipal de Senhor do Bonfim realizar\u00e1 sua 13\u00aa sess\u00e3o ordin\u00e1ria.<\/p>\n\n\n\n<p>Acompanhe de perto os trabalhos do Poder Legislativo.<\/p>\n\n\n\n<p>Link de transmiss\u00e3o da Sess\u00e3o Ordin\u00e1ria desta quinta-feira: https:\/\/www.youtube.com\/@camaradesenhordobonfim\/streams<\/p>\n\n\n\n<p>Inscreva-se em nosso canal.<\/p>\n\n\n\n<p>ASCOM \u2013 CMSB \u2013 \u201cO futuro do nosso munic\u00edpio passa por aqui.\u201d<\/p>\n","protected":false},"excerpt":{"rendered":"<p>CONFIRA AS MAT\u00c9RIAS QUE ESTAR\u00c3O EM PAUTA NA 13\u00aa SESS\u00c3O ORDIN\u00c1RIA DA C\u00c2MARA MUNICIPAL DE SENHOR DO BONFIM EXPEDIENTE \u2022 Projeto de Lei do Legislativo n\u00ba 011\/2024, de autoria do vereador Cleber Nilton Lima do Nascimento, que \u201cD\u00e1 denomina\u00e7\u00e3o de campo sint\u00e9tico na Escola Nossa Senhora de F\u00e1tima, no bairro Alto da Maravilha, munic\u00edpio de [&hellip;]<\/p>\n","protected":false},"author":2,"featured_media":10705,"comment_status":"open","ping_status":"open","sticky":false,"template":"","format":"standard","meta":{"_jetpack_memberships_contains_paid_content":false,"footnotes":""},"categories":[17],"tags":[],"class_list":["post-10704","post","type-post","status-publish","format-standard","has-post-thumbnail","hentry","category-senhor-do-bonfim"],"aioseo_notices":[],"jetpack_featured_media_url":"https:\/\/i0.wp.com\/minutobahia24h.com.br\/wp-content\/uploads\/2024\/04\/Sem-titulo-115.jpg?fit=574%2C1022&ssl=1","jetpack_sharing_enabled":true,"_links":{"self":[{"href":"https:\/\/minutobahia24h.com.br\/index.php?rest_route=\/wp\/v2\/posts\/10704","targetHints":{"allow":["GET"]}}],"collection":[{"href":"https:\/\/minutobahia24h.com.br\/index.php?rest_route=\/wp\/v2\/posts"}],"about":[{"href":"https:\/\/minutobahia24h.com.br\/index.php?rest_route=\/wp\/v2\/types\/post"}],"author":[{"embeddable":true,"href":"https:\/\/minutobahia24h.com.br\/index.php?rest_route=\/wp\/v2\/users\/2"}],"replies":[{"embeddable":true,"href":"https:\/\/minutobahia24h.com.br\/index.php?rest_route=%2Fwp%2Fv2%2Fcomments&post=10704"}],"version-history":[{"count":2,"href":"https:\/\/minutobahia24h.com.br\/index.php?rest_route=\/wp\/v2\/posts\/10704\/revisions"}],"predecessor-version":[{"id":10807,"href":"https:\/\/minutobahia24h.com.br\/index.php?rest_route=\/wp\/v2\/posts\/10704\/revisions\/10807"}],"wp:featuredmedia":[{"embeddable":true,"href":"https:\/\/minutobahia24h.com.br\/index.php?rest_route=\/wp\/v2\/media\/10705"}],"wp:attachment":[{"href":"https:\/\/minutobahia24h.com.br\/index.php?rest_route=%2Fwp%2Fv2%2Fmedia&parent=10704"}],"wp:term":[{"taxonomy":"category","embeddable":true,"href":"https:\/\/minutobahia24h.com.br\/index.php?rest_route=%2Fwp%2Fv2%2Fcategories&post=10704"},{"taxonomy":"post_tag","embeddable":true,"href":"https:\/\/minutobahia24h.com.br\/index.php?rest_route=%2Fwp%2Fv2%2Ftags&post=10704"}],"curies":[{"name":"wp","href":"https:\/\/api.w.org\/{rel}","templated":true}]}}