{"id":10690,"date":"2024-04-09T11:25:42","date_gmt":"2024-04-09T14:25:42","guid":{"rendered":"https:\/\/minutobahia24h.com.br\/?p=10690"},"modified":"2024-04-09T11:25:44","modified_gmt":"2024-04-09T14:25:44","slug":"municipio-de-filadelfia-participa-do-vi-ciclo-de-formacao-em-salavador-e-avanca-rumo-ao-selo-unicef","status":"publish","type":"post","link":"https:\/\/minutobahia24h.com.br\/?p=10690","title":{"rendered":"Munic\u00edpio de Filad\u00e9lfia participa do VI Ciclo de Forma\u00e7\u00e3o em Salavador e avan\u00e7a rumo ao Selo UNICEF"},"content":{"rendered":"<div class=\"wp-block-image\">\n<figure class=\"aligncenter size-large\"><img data-recalc-dims=\"1\" fetchpriority=\"high\" decoding=\"async\" width=\"800\" height=\"468\" src=\"https:\/\/i0.wp.com\/minutobahia24h.com.br\/wp-content\/uploads\/2024\/04\/WhatsApp-Image-2024-04-09-at-11.22.48-1024x599.jpeg?resize=800%2C468&#038;ssl=1\" alt=\"\" class=\"wp-image-10691\" srcset=\"https:\/\/i0.wp.com\/minutobahia24h.com.br\/wp-content\/uploads\/2024\/04\/WhatsApp-Image-2024-04-09-at-11.22.48.jpeg?resize=1024%2C599&amp;ssl=1 1024w, https:\/\/i0.wp.com\/minutobahia24h.com.br\/wp-content\/uploads\/2024\/04\/WhatsApp-Image-2024-04-09-at-11.22.48.jpeg?resize=300%2C176&amp;ssl=1 300w, https:\/\/i0.wp.com\/minutobahia24h.com.br\/wp-content\/uploads\/2024\/04\/WhatsApp-Image-2024-04-09-at-11.22.48.jpeg?resize=768%2C450&amp;ssl=1 768w, https:\/\/i0.wp.com\/minutobahia24h.com.br\/wp-content\/uploads\/2024\/04\/WhatsApp-Image-2024-04-09-at-11.22.48.jpeg?resize=750%2C439&amp;ssl=1 750w, https:\/\/i0.wp.com\/minutobahia24h.com.br\/wp-content\/uploads\/2024\/04\/WhatsApp-Image-2024-04-09-at-11.22.48.jpeg?resize=1140%2C667&amp;ssl=1 1140w, https:\/\/i0.wp.com\/minutobahia24h.com.br\/wp-content\/uploads\/2024\/04\/WhatsApp-Image-2024-04-09-at-11.22.48.jpeg?w=1271&amp;ssl=1 1271w\" sizes=\"(max-width: 800px) 100vw, 800px\" \/><\/figure>\n<\/div>\n\n\n<p>Na \u00faltima semana, a Articuladora do Selo UNICEF Filad\u00e9lfia, Sandra Maia e sua equipe da Secretaria de Educa\u00e7\u00e3o marcaram presen\u00e7a no VI Ciclo de Forma\u00e7\u00e3o do Selo UNICEF, sediado no Instituto An\u00edsio Teixeira.<\/p>\n\n\n\n<p>O evento reuniu equipes municipais da Bahia em um esfor\u00e7o conjunto para revisar as entregas, prazos e metodologia de certifica\u00e7\u00e3o desta edi\u00e7\u00e3o do Selo, al\u00e9m de capacit\u00e1-las para o II F\u00f3rum Comunit\u00e1rio.<\/p>\n\n\n\n<p>A presen\u00e7a ativa da articuladora Sandra Maia, juntamente com Mar\u00edlia, mobilizadora do NUCA e Daiane, coordenadora da BAE, em conjunto com a Secretaria Municipal de Educa\u00e7\u00e3o, demonstra o compromisso incans\u00e1vel de fortalecer os direitos da crian\u00e7a e do adolescente na regi\u00e3o.<\/p>\n\n\n\n<p>Essa participa\u00e7\u00e3o reflete o empenho e a determina\u00e7\u00e3o da prefeitura em promover iniciativas que impactem positivamente o desenvolvimento e o bem-estar das futuras gera\u00e7\u00f5es. Com a colabora\u00e7\u00e3o e o envolvimento da equipe municipal, Filad\u00e9lfia est\u00e1 solidificando seu caminho rumo ao Selo UNICEF, demonstrando uma forte unidade na defesa dos direitos infantojuvenis.<\/p>\n\n\n\n<p>A presen\u00e7a da articuladora e sua equipe neste ciclo de forma\u00e7\u00e3o ressalta o comprometimento da prefeitura em alcan\u00e7ar excel\u00eancia nas pol\u00edticas voltadas para a inf\u00e2ncia e a juventude.<\/p>\n\n\n\n<p>O pr\u00f3ximo passo, o II F\u00f3rum Comunit\u00e1rio, representa uma oportunidade valiosa para engajar a comunidade local e desenvolver estrat\u00e9gias coletivas em prol das crian\u00e7as e dos adolescentes de Filad\u00e9lfia.<br>_<br>ASCOM<br>Semed<br>Prefeitura de Filad\u00e9lfia<\/p>\n","protected":false},"excerpt":{"rendered":"<p>Na \u00faltima semana, a Articuladora do Selo UNICEF Filad\u00e9lfia, Sandra Maia e sua equipe da Secretaria de Educa\u00e7\u00e3o marcaram presen\u00e7a no VI Ciclo de Forma\u00e7\u00e3o do Selo UNICEF, sediado no Instituto An\u00edsio Teixeira. O evento reuniu equipes municipais da Bahia em um esfor\u00e7o conjunto para revisar as entregas, prazos e metodologia de certifica\u00e7\u00e3o desta edi\u00e7\u00e3o [&hellip;]<\/p>\n","protected":false},"author":2,"featured_media":10691,"comment_status":"open","ping_status":"open","sticky":false,"template":"","format":"standard","meta":{"_jetpack_memberships_contains_paid_content":false,"footnotes":""},"categories":[14],"tags":[],"class_list":["post-10690","post","type-post","status-publish","format-standard","has-post-thumbnail","hentry","category-filadelfia"],"aioseo_notices":[],"jetpack_featured_media_url":"https:\/\/i0.wp.com\/minutobahia24h.com.br\/wp-content\/uploads\/2024\/04\/WhatsApp-Image-2024-04-09-at-11.22.48.jpeg?fit=1271%2C744&ssl=1","jetpack_sharing_enabled":true,"_links":{"self":[{"href":"https:\/\/minutobahia24h.com.br\/index.php?rest_route=\/wp\/v2\/posts\/10690","targetHints":{"allow":["GET"]}}],"collection":[{"href":"https:\/\/minutobahia24h.com.br\/index.php?rest_route=\/wp\/v2\/posts"}],"about":[{"href":"https:\/\/minutobahia24h.com.br\/index.php?rest_route=\/wp\/v2\/types\/post"}],"author":[{"embeddable":true,"href":"https:\/\/minutobahia24h.com.br\/index.php?rest_route=\/wp\/v2\/users\/2"}],"replies":[{"embeddable":true,"href":"https:\/\/minutobahia24h.com.br\/index.php?rest_route=%2Fwp%2Fv2%2Fcomments&post=10690"}],"version-history":[{"count":1,"href":"https:\/\/minutobahia24h.com.br\/index.php?rest_route=\/wp\/v2\/posts\/10690\/revisions"}],"predecessor-version":[{"id":10692,"href":"https:\/\/minutobahia24h.com.br\/index.php?rest_route=\/wp\/v2\/posts\/10690\/revisions\/10692"}],"wp:featuredmedia":[{"embeddable":true,"href":"https:\/\/minutobahia24h.com.br\/index.php?rest_route=\/wp\/v2\/media\/10691"}],"wp:attachment":[{"href":"https:\/\/minutobahia24h.com.br\/index.php?rest_route=%2Fwp%2Fv2%2Fmedia&parent=10690"}],"wp:term":[{"taxonomy":"category","embeddable":true,"href":"https:\/\/minutobahia24h.com.br\/index.php?rest_route=%2Fwp%2Fv2%2Fcategories&post=10690"},{"taxonomy":"post_tag","embeddable":true,"href":"https:\/\/minutobahia24h.com.br\/index.php?rest_route=%2Fwp%2Fv2%2Ftags&post=10690"}],"curies":[{"name":"wp","href":"https:\/\/api.w.org\/{rel}","templated":true}]}}