{"id":10644,"date":"2024-04-08T13:03:50","date_gmt":"2024-04-08T16:03:50","guid":{"rendered":"https:\/\/minutobahia24h.com.br\/?p=10644"},"modified":"2024-04-08T13:03:51","modified_gmt":"2024-04-08T16:03:51","slug":"em-meio-a-discussao-de-foro-no-stf-cresce-na-camara-articulacao-para-cassar-brazao-apontado-como-mandante-do-caso-marielle","status":"publish","type":"post","link":"https:\/\/minutobahia24h.com.br\/?p=10644","title":{"rendered":"Em meio a discuss\u00e3o de foro no STF, cresce na C\u00e2mara articula\u00e7\u00e3o para cassar Braz\u00e3o, apontado como mandante do caso Marielle"},"content":{"rendered":"<div class=\"wp-block-image\">\n<figure class=\"aligncenter size-full\"><img data-recalc-dims=\"1\" fetchpriority=\"high\" decoding=\"async\" width=\"800\" height=\"493\" src=\"https:\/\/i0.wp.com\/minutobahia24h.com.br\/wp-content\/uploads\/2024\/04\/Sem-titulo-98.jpg?resize=800%2C493&#038;ssl=1\" alt=\"\" class=\"wp-image-10645\" srcset=\"https:\/\/i0.wp.com\/minutobahia24h.com.br\/wp-content\/uploads\/2024\/04\/Sem-titulo-98.jpg?w=984&amp;ssl=1 984w, https:\/\/i0.wp.com\/minutobahia24h.com.br\/wp-content\/uploads\/2024\/04\/Sem-titulo-98.jpg?resize=300%2C185&amp;ssl=1 300w, https:\/\/i0.wp.com\/minutobahia24h.com.br\/wp-content\/uploads\/2024\/04\/Sem-titulo-98.jpg?resize=768%2C474&amp;ssl=1 768w, https:\/\/i0.wp.com\/minutobahia24h.com.br\/wp-content\/uploads\/2024\/04\/Sem-titulo-98.jpg?resize=750%2C463&amp;ssl=1 750w\" sizes=\"(max-width: 800px) 100vw, 800px\" \/><figcaption class=\"wp-element-caption\">deputado Chiquinho Braz\u00e3o \u2014 Foto: Zeca Ribeiro\/C\u00e2mara dos Deputados<br><\/figcaption><\/figure>\n<\/div>\n\n\n<p>O presidente da C\u00e2mara, Arthur Lira (PP-AL),&nbsp;<strong>pretende colocar em vota\u00e7\u00e3o a an\u00e1lise da manuten\u00e7\u00e3o ou n\u00e3o da pris\u00e3o de Chiquinho Braz\u00e3o entre quarta (10) e quinta-feira (11) no plen\u00e1rio<\/strong>. A Comiss\u00e3o de Constitui\u00e7\u00e3o, Justi\u00e7a e Cidadania (CCJ)&nbsp;da C\u00e2mara come\u00e7ou a analisar o tema, mas um pedido de vista interrompeu a vota\u00e7\u00e3o.<\/p>\n\n\n\n<p>Nas contas de Lira, o tema deve ser retomado nesta semana.<\/p>\n\n\n\n<p>Como o blog revelou, parlamentares \u2013 de esquerda \u00e0 direita \u2013 t\u00eam avaliado dar um recado ao&nbsp;<a class=\"\" href=\"https:\/\/g1.globo.com\/tudo-sobre\/supremo-tribunal-federal\/\">STF<\/a>&nbsp;e revogar a pris\u00e3o decidida pelo ministro Moraes e referendada pela primeira turma do Supremo.<\/p>\n\n\n\n<p>Se isso ocorrer, no entanto, para evitar uma crise institucional, parlamentares estudam cassar Braz\u00e3o na sequ\u00eancia sob pretexto de aliviar uma crise institucional.<\/p>\n\n\n\n<p>Nas palavras de um cacique do centr\u00e3o, cresceu muito a ideia de que Braz\u00e3o pode ser cassado \u2013 o que poderia levar de um a dois meses por conta do tr\u00e2mite no Conselho de \u00c9tica.<\/p>\n\n\n\n<p>Se for cassado, Braz\u00e3o perderia o foro privilegiado e a decis\u00e3o poder\u00e1 dar margem e municio para sua defesa se o STF n\u00e3o concluir o julgamento sobre foro que est\u00e1 em curso.<\/p>\n\n\n\n<p>O STF est\u00e1 \u00e0s voltas com julgamento para redefinir o alcance do foro privilegiado. Para ministros ouvidos pelo blog, a decis\u00e3o da C\u00e2mara pode at\u00e9 ser uma manobra para ajudar Braz\u00e3o, mas, se n\u00e3o houver pedido de vista e a corte definir os limites da prerrogativa de foro nos pr\u00f3ximos dias, o caso de Braz\u00e3o ficaria na corte.<\/p>\n\n\n\n<p>Relator dos casos, o ministro Gilmar Mendes prop\u00f4s que, quando se tratar de crime praticado no exerc\u00edcio da fun\u00e7\u00e3o, o foro privilegiado deve ser mantido mesmo ap\u00f3s a autoridade deixar o cargo. Isso valeria para casos de ren\u00fancia, n\u00e3o reelei\u00e7\u00e3o, cassa\u00e7\u00e3o, entre outros. Toffoli, Zanin, Dino e Moraes seguiram o voto.<\/p>\n\n\n\n<p>Al\u00e9m disso, pelo voto do ministro \u2013 seguido pelos demais \u2013 mesmo cassado o caso de Braz\u00e3o ficaria no STF. Ministros avaliam que, como teve obstru\u00e7\u00e3o, o foro \u00e9 o Supremo ainda, pois seria um crime continuado de Braz\u00e3o como deputado federal.<\/p>\n\n\n\n<p>Em seu voto, Mendes cita, tamb\u00e9m, casos em que o foro prevalece mesmo para parlamentares que deixem fun\u00e7\u00e3o p\u00fablica \u2013 mesmo se houver cassa\u00e7\u00e3o.<\/p>\n\n\n\n<p>Para um ministro, a eventual cassa\u00e7\u00e3o pode ser uma manobra da C\u00e2mara tentando usar a jurisprud\u00eancia atual do STF sobre foro, de 2018. Se n\u00e3o houver pedido de vista e o julgamento for conclu\u00eddo no STF, o caso de Braz\u00e3o permaneceria na corte.<\/p>\n\n\n\n<p>\u201cVai virar um jogo de tempo\u201d, resume.<\/p>\n\n\n\n<p>Para ministros ouvidos pelo blog, a corte deve &#8221;rever tudo&#8221; e at\u00e9 l\u00e1- se a cassa\u00e7\u00e3o ocorrer entre uma dois meses- a PGR j\u00e1 dever\u00e1 ter apresentado den\u00fancia.<\/p>\n","protected":false},"excerpt":{"rendered":"<p>O presidente da C\u00e2mara, Arthur Lira (PP-AL),&nbsp;pretende colocar em vota\u00e7\u00e3o a an\u00e1lise da manuten\u00e7\u00e3o ou n\u00e3o da pris\u00e3o de Chiquinho Braz\u00e3o entre quarta (10) e quinta-feira (11) no plen\u00e1rio. A Comiss\u00e3o de Constitui\u00e7\u00e3o, Justi\u00e7a e Cidadania (CCJ)&nbsp;da C\u00e2mara come\u00e7ou a analisar o tema, mas um pedido de vista interrompeu a vota\u00e7\u00e3o. Nas contas de Lira, [&hellip;]<\/p>\n","protected":false},"author":2,"featured_media":10645,"comment_status":"open","ping_status":"open","sticky":false,"template":"","format":"standard","meta":{"_jetpack_memberships_contains_paid_content":false,"footnotes":""},"categories":[39],"tags":[],"class_list":["post-10644","post","type-post","status-publish","format-standard","has-post-thumbnail","hentry","category-politica"],"aioseo_notices":[],"jetpack_featured_media_url":"https:\/\/i0.wp.com\/minutobahia24h.com.br\/wp-content\/uploads\/2024\/04\/Sem-titulo-98.jpg?fit=984%2C607&ssl=1","jetpack_sharing_enabled":true,"_links":{"self":[{"href":"https:\/\/minutobahia24h.com.br\/index.php?rest_route=\/wp\/v2\/posts\/10644","targetHints":{"allow":["GET"]}}],"collection":[{"href":"https:\/\/minutobahia24h.com.br\/index.php?rest_route=\/wp\/v2\/posts"}],"about":[{"href":"https:\/\/minutobahia24h.com.br\/index.php?rest_route=\/wp\/v2\/types\/post"}],"author":[{"embeddable":true,"href":"https:\/\/minutobahia24h.com.br\/index.php?rest_route=\/wp\/v2\/users\/2"}],"replies":[{"embeddable":true,"href":"https:\/\/minutobahia24h.com.br\/index.php?rest_route=%2Fwp%2Fv2%2Fcomments&post=10644"}],"version-history":[{"count":1,"href":"https:\/\/minutobahia24h.com.br\/index.php?rest_route=\/wp\/v2\/posts\/10644\/revisions"}],"predecessor-version":[{"id":10646,"href":"https:\/\/minutobahia24h.com.br\/index.php?rest_route=\/wp\/v2\/posts\/10644\/revisions\/10646"}],"wp:featuredmedia":[{"embeddable":true,"href":"https:\/\/minutobahia24h.com.br\/index.php?rest_route=\/wp\/v2\/media\/10645"}],"wp:attachment":[{"href":"https:\/\/minutobahia24h.com.br\/index.php?rest_route=%2Fwp%2Fv2%2Fmedia&parent=10644"}],"wp:term":[{"taxonomy":"category","embeddable":true,"href":"https:\/\/minutobahia24h.com.br\/index.php?rest_route=%2Fwp%2Fv2%2Fcategories&post=10644"},{"taxonomy":"post_tag","embeddable":true,"href":"https:\/\/minutobahia24h.com.br\/index.php?rest_route=%2Fwp%2Fv2%2Ftags&post=10644"}],"curies":[{"name":"wp","href":"https:\/\/api.w.org\/{rel}","templated":true}]}}