{"id":10625,"date":"2024-04-08T07:39:58","date_gmt":"2024-04-08T10:39:58","guid":{"rendered":"https:\/\/minutobahia24h.com.br\/?p=10625"},"modified":"2024-04-08T07:40:00","modified_gmt":"2024-04-08T10:40:00","slug":"assistir-ao-eclipse-solar-sem-protecao-pode-causar-perda-irreparavel-da-visao-alertam-especialistas","status":"publish","type":"post","link":"https:\/\/minutobahia24h.com.br\/?p=10625","title":{"rendered":"Assistir ao eclipse solar sem prote\u00e7\u00e3o pode causar perda irrepar\u00e1vel da vis\u00e3o, alertam especialistas"},"content":{"rendered":"<div class=\"wp-block-image\">\n<figure class=\"aligncenter size-full\"><img data-recalc-dims=\"1\" fetchpriority=\"high\" decoding=\"async\" width=\"800\" height=\"618\" src=\"https:\/\/i0.wp.com\/minutobahia24h.com.br\/wp-content\/uploads\/2024\/04\/Sem-titulo-94.jpg?resize=800%2C618&#038;ssl=1\" alt=\"\" class=\"wp-image-10626\" srcset=\"https:\/\/i0.wp.com\/minutobahia24h.com.br\/wp-content\/uploads\/2024\/04\/Sem-titulo-94.jpg?w=888&amp;ssl=1 888w, https:\/\/i0.wp.com\/minutobahia24h.com.br\/wp-content\/uploads\/2024\/04\/Sem-titulo-94.jpg?resize=300%2C232&amp;ssl=1 300w, https:\/\/i0.wp.com\/minutobahia24h.com.br\/wp-content\/uploads\/2024\/04\/Sem-titulo-94.jpg?resize=768%2C593&amp;ssl=1 768w, https:\/\/i0.wp.com\/minutobahia24h.com.br\/wp-content\/uploads\/2024\/04\/Sem-titulo-94.jpg?resize=750%2C579&amp;ssl=1 750w\" sizes=\"(max-width: 800px) 100vw, 800px\" \/><figcaption class=\"wp-element-caption\">Eclipse solar fotografado da Austr\u00e1lia em 2002 \u2014 Foto: AFP<br><\/figcaption><\/figure>\n<\/div>\n\n\n<p>Um simples vislumbre de um\u00a0<a class=\"\" href=\"https:\/\/oglobo.globo.com\/mundo\/noticia\/2024\/04\/07\/veja-e-entenda-como-sera-o-eclipse-solar-total-do-dia-8-de-abril.ghtml\">eclipse solar<\/a>, como o que ser\u00e1 visto nesta segunda-feira em grande parte da Am\u00e9rica do Norte, pode causar perda irrepar\u00e1vel de vis\u00e3o, alertam especialistas em sa\u00fade ocular. Dezenas de milh\u00f5es de pessoas, do M\u00e9xico ao Canad\u00e1, passando pelos Estados Unidos, testemunhar\u00e3o um fen\u00f4meno celeste raro que n\u00e3o se repetir\u00e1 naquela parte do mundo at\u00e9 2044: a Lua bloquear\u00e1 \u2014 em alguns lugares completamente \u2014 a luz do Sol.<\/p>\n\n\n\n<p>Os seres humanos normalmente n\u00e3o olham para o Sol por causa do desconforto que ele causa, mas durante os eclipses alguns &#8220;substituem&#8221; esse instinto, explicou Aaron Zimmerman, professor de optometria da Universidade Estadual de Ohio, \u00e0 AFP.<\/p>\n\n\n\n<p>O principal perigo associado a este fen\u00f4meno, segundo o especialista, adv\u00e9m da \u201ctoxicidade fotoqu\u00edmica\u201d, quando ondas curtas e poderosas de luz azul, violeta e ultravioleta \u2014 esta \u00faltima invis\u00edvel \u2014 desencadeiam rea\u00e7\u00f5es qu\u00edmicas que danificam os bastonetes e cones da retina, a membrana localizada na parte posterior do olho que recebe impress\u00f5es de luz e as transmite ao nervo \u00f3ptico.<\/p>\n\n\n\n<figure class=\"wp-block-image\"><img data-recalc-dims=\"1\" decoding=\"async\" src=\"https:\/\/i0.wp.com\/s2-oglobo.glbimg.com\/uk1WW3Pbah37Qw2VcIKlsA8d6es%3D\/0x0%3A620x548\/984x0\/smart\/filters%3Astrip_icc%28%29\/i.s3.glbimg.com\/v1\/AUTH_da025474c0c44edd99332dddb09cabe8\/internal_photos\/bs\/2024\/q\/B\/wR8IcgSdCqFTPezIndag\/etapas-do-eclipse-solar-total.jpg?w=800&#038;ssl=1\" alt=\"As etapas do Eclipse Solar Total \u2014 Foto: Arte O GLOBO\"\/><figcaption class=\"wp-element-caption\">As etapas do Eclipse Solar Total \u2014 Foto: Arte O GLOBO<\/figcaption><\/figure>\n\n\n\n<p>O resultado s\u00e3o visitas aos servi\u00e7os de urg\u00eancia de pessoas com queixas de vis\u00e3o turva, altera\u00e7\u00f5es na percep\u00e7\u00e3o das cores e manchas pretas, por vezes sem a certeza de que voltar\u00e3o ao normal. Uma importante revista m\u00e9dica relata o caso de uma jovem que foi a uma cl\u00ednica oftalmol\u00f3gica em Nova York depois de ter visto o eclipse de 2017 \u201cv\u00e1rias vezes durante cerca de seis segundos sem \u00f3culos de prote\u00e7\u00e3o\u201d e depois com eles colocados.<\/p>\n\n\n\n<p>Poucas horas depois, os objetos come\u00e7aram a ficar emba\u00e7ados e distorcidos, as cores come\u00e7aram a mudar e a paciente relatou o aparecimento de uma mancha preta no centro do olho esquerdo. Os danos observados a n\u00edvel celular persistiram durante seis semanas.<\/p>\n\n\n\n<h2 class=\"wp-block-heading\">&#8220;Mancha negra&#8221;<\/h2>\n\n\n\n<p>De acordo com a revista, os jovens adultos podem estar em maior risco porque t\u00eam pupilas maiores, uma estrutura ocular mais clara ou uma \u201cpercep\u00e7\u00e3o mais fraca dos perigos\u201d de ver um grande eclipse.<\/p>\n\n\n\n<p>\u201cEm alguns casos, o dano \u00e9 parcial e pode ser tratado de forma que n\u00e3o seja mais percept\u00edvel\u201d, disse \u00e0 AFP Neil Bressler, professor de oftalmologia da Universidade Johns Hopkins e editor-chefe da revista JAMA Ophthalmology.<\/p>\n\n\n\n<figure class=\"wp-block-image\"><img data-recalc-dims=\"1\" decoding=\"async\" src=\"https:\/\/i0.wp.com\/s2-oglobo.glbimg.com\/O8_TKBlgdDfbXDbbkof3QacEss4%3D\/0x0%3A620x347\/984x0\/smart\/filters%3Astrip_icc%28%29\/i.s3.glbimg.com\/v1\/AUTH_da025474c0c44edd99332dddb09cabe8\/internal_photos\/bs\/2024\/0\/q\/sx6ZmaTIyWBNJJuwEpvw\/eclipse-solar.jpg?w=800&#038;ssl=1\" alt=\"Os tipos de eclipse solar \u2014 Foto: Arte O GLOBO\"\/><figcaption class=\"wp-element-caption\">Os tipos de eclipse solar \u2014 Foto: Arte O GLOBO<\/figcaption><\/figure>\n\n\n\n<p>Embora a recupera\u00e7\u00e3o geralmente dure alguns meses, alguns podem n\u00e3o ter tanta sorte.<\/p>\n\n\n\n<p>\u201cEm outros casos, pode deixar uma mancha preta permanente e n\u00e3o temos tratamento para revert\u00ea-la. \u00c9 como o tecido cerebral: depois de perdido, ele n\u00e3o volta\u201d, acrescentou Bressler.<\/p>\n\n\n\n<p>A melhor forma de observar um eclipse \u00e9 usar \u00f3culos especiais, que bloqueiam 99,99% da luz. Para verificar a qualidade desse equipamento, \u201cencontre a l\u00e2mpada mais brilhante da sua casa e observe-a de perto. Voc\u00ea mal conseguir\u00e1 ver a luz\u201d, aconselhou o professor Zimmerman.<\/p>\n\n\n\n<p>Se j\u00e1 for tarde para conseguir lentes especiais, existem m\u00e9todos indiretos, como fazer um pequeno furo em uma folha de papel\u00e3o e deixar a luz atingir outra superf\u00edcie, ou ainda usar um simples coador da sua cozinha da mesma forma. Outra op\u00e7\u00e3o \u00e9 acompanhar o fen\u00f4meno pelo site da ag\u00eancia espacial americana, NASA.<\/p>\n\n\n\n<figure class=\"wp-block-image\"><img data-recalc-dims=\"1\" decoding=\"async\" src=\"https:\/\/i0.wp.com\/s2-oglobo.glbimg.com\/F2v3mag-9dC-8ElC1jHNenpoNU4%3D\/0x0%3A648x696\/984x0\/smart\/filters%3Astrip_icc%28%29\/i.s3.glbimg.com\/v1\/AUTH_da025474c0c44edd99332dddb09cabe8\/internal_photos\/bs\/2024\/N\/r\/RMDoFuT8ula5SMwgd7rA\/caminho-eclipse-site-1-.jpg?w=800&#038;ssl=1\" alt=\"O trajeto do eclipse \u2014 Foto: Editoria de arte\"\/><figcaption class=\"wp-element-caption\">O trajeto do eclipse \u2014 Foto: Editoria de arte<\/figcaption><\/figure>\n\n\n\n<p>Aqueles que tiverem a sorte de estar no caminho do eclipse total poder\u00e3o v\u00ea-lo quando ele estiver totalmente formado, sem \u00f3culos, e admirar a atmosfera externa do Sol, sua coroa, brilhando por tr\u00e1s da silhueta da Lua.<\/p>\n\n\n\n<p>Para o professor Bressler, o perigo tamb\u00e9m est\u00e1 em saber se proteger antes e depois desse momento espec\u00edfico, que pode durar de alguns segundos a v\u00e1rios minutos, dependendo da posi\u00e7\u00e3o geogr\u00e1fica em que a pessoa se encontra.<\/p>\n\n\n\n<p>\u201c\u00c9 absolutamente necess\u00e1rio saber quando come\u00e7a o eclipse e colocar os \u00f3culos com anteced\u00eancia\u201d, enfatizou. Da mesma forma, se voc\u00ea consegue ver a fase do eclipse total sem eles, \u00e9 preciso saber quando colocar a prote\u00e7\u00e3o novamente na hora certa, \u201cmesmo que voc\u00ea esteja cativado pelo espet\u00e1culo\u201d, disse o profissional.<\/p>\n","protected":false},"excerpt":{"rendered":"<p>Um simples vislumbre de um\u00a0eclipse solar, como o que ser\u00e1 visto nesta segunda-feira em grande parte da Am\u00e9rica do Norte, pode causar perda irrepar\u00e1vel de vis\u00e3o, alertam especialistas em sa\u00fade ocular. Dezenas de milh\u00f5es de pessoas, do M\u00e9xico ao Canad\u00e1, passando pelos Estados Unidos, testemunhar\u00e3o um fen\u00f4meno celeste raro que n\u00e3o se repetir\u00e1 naquela parte [&hellip;]<\/p>\n","protected":false},"author":2,"featured_media":10626,"comment_status":"open","ping_status":"open","sticky":false,"template":"","format":"standard","meta":{"_jetpack_memberships_contains_paid_content":false,"footnotes":""},"categories":[32],"tags":[],"class_list":["post-10625","post","type-post","status-publish","format-standard","has-post-thumbnail","hentry","category-ciencia"],"aioseo_notices":[],"jetpack_featured_media_url":"https:\/\/i0.wp.com\/minutobahia24h.com.br\/wp-content\/uploads\/2024\/04\/Sem-titulo-94.jpg?fit=888%2C686&ssl=1","jetpack_sharing_enabled":true,"_links":{"self":[{"href":"https:\/\/minutobahia24h.com.br\/index.php?rest_route=\/wp\/v2\/posts\/10625","targetHints":{"allow":["GET"]}}],"collection":[{"href":"https:\/\/minutobahia24h.com.br\/index.php?rest_route=\/wp\/v2\/posts"}],"about":[{"href":"https:\/\/minutobahia24h.com.br\/index.php?rest_route=\/wp\/v2\/types\/post"}],"author":[{"embeddable":true,"href":"https:\/\/minutobahia24h.com.br\/index.php?rest_route=\/wp\/v2\/users\/2"}],"replies":[{"embeddable":true,"href":"https:\/\/minutobahia24h.com.br\/index.php?rest_route=%2Fwp%2Fv2%2Fcomments&post=10625"}],"version-history":[{"count":1,"href":"https:\/\/minutobahia24h.com.br\/index.php?rest_route=\/wp\/v2\/posts\/10625\/revisions"}],"predecessor-version":[{"id":10627,"href":"https:\/\/minutobahia24h.com.br\/index.php?rest_route=\/wp\/v2\/posts\/10625\/revisions\/10627"}],"wp:featuredmedia":[{"embeddable":true,"href":"https:\/\/minutobahia24h.com.br\/index.php?rest_route=\/wp\/v2\/media\/10626"}],"wp:attachment":[{"href":"https:\/\/minutobahia24h.com.br\/index.php?rest_route=%2Fwp%2Fv2%2Fmedia&parent=10625"}],"wp:term":[{"taxonomy":"category","embeddable":true,"href":"https:\/\/minutobahia24h.com.br\/index.php?rest_route=%2Fwp%2Fv2%2Fcategories&post=10625"},{"taxonomy":"post_tag","embeddable":true,"href":"https:\/\/minutobahia24h.com.br\/index.php?rest_route=%2Fwp%2Fv2%2Ftags&post=10625"}],"curies":[{"name":"wp","href":"https:\/\/api.w.org\/{rel}","templated":true}]}}