{"id":10622,"date":"2024-04-08T07:37:39","date_gmt":"2024-04-08T10:37:39","guid":{"rendered":"https:\/\/minutobahia24h.com.br\/?p=10622"},"modified":"2024-04-08T07:37:40","modified_gmt":"2024-04-08T10:37:40","slug":"governo-propoe-que-fgts-seja-corrigido-com-indice-da-inflacao","status":"publish","type":"post","link":"https:\/\/minutobahia24h.com.br\/?p=10622","title":{"rendered":"Governo prop\u00f5e que FGTS seja corrigido com \u00edndice da infla\u00e7\u00e3o"},"content":{"rendered":"<div class=\"wp-block-image\">\n<figure class=\"aligncenter size-full\"><img data-recalc-dims=\"1\" fetchpriority=\"high\" decoding=\"async\" width=\"696\" height=\"420\" src=\"https:\/\/i0.wp.com\/minutobahia24h.com.br\/wp-content\/uploads\/2024\/04\/Sem-titulo-93.jpg?resize=696%2C420&#038;ssl=1\" alt=\"\" class=\"wp-image-10623\" srcset=\"https:\/\/i0.wp.com\/minutobahia24h.com.br\/wp-content\/uploads\/2024\/04\/Sem-titulo-93.jpg?w=696&amp;ssl=1 696w, https:\/\/i0.wp.com\/minutobahia24h.com.br\/wp-content\/uploads\/2024\/04\/Sem-titulo-93.jpg?resize=300%2C181&amp;ssl=1 300w\" sizes=\"(max-width: 696px) 100vw, 696px\" \/><\/figure>\n<\/div>\n\n\n<p><\/p>\n\n\n\n<p>A Advocacia-Geral da Uni\u00e3o (<a href=\"http:\/\/pleno.news\/tag\/agu\" target=\"_blank\" rel=\"noreferrer noopener\">AGU<\/a>) enviou uma manifesta\u00e7\u00e3o ao Supremo Tribunal Federal (STF) com uma proposta de consenso entre o governo e entidades sindicais a respeito da corre\u00e7\u00e3o dos saldos do Fundo de Garantia do Tempo de Servi\u00e7o (FGTS). O tema foi imediatamente inclu\u00eddo na pauta da Corte nesta quinta, mas n\u00e3o houve tempo para julg\u00e1-lo.<\/p>\n\n\n\n<p>Atualmente, o FGTS tem corre\u00e7\u00e3o de 3% ao ano mais a Taxa Referencial (TR). O partido Solidariedade, que prop\u00f4s uma a\u00e7\u00e3o sobre o tema que tramita na Suprema Corte, pede que a TR seja substitu\u00edda por um \u00edndice atrelado \u00e0 infla\u00e7\u00e3o.<\/p>\n","protected":false},"excerpt":{"rendered":"<p>A Advocacia-Geral da Uni\u00e3o (AGU) enviou uma manifesta\u00e7\u00e3o ao Supremo Tribunal Federal (STF) com uma proposta de consenso entre o governo e entidades sindicais a respeito da corre\u00e7\u00e3o dos saldos do Fundo de Garantia do Tempo de Servi\u00e7o (FGTS). O tema foi imediatamente inclu\u00eddo na pauta da Corte nesta quinta, mas n\u00e3o houve tempo para [&hellip;]<\/p>\n","protected":false},"author":2,"featured_media":10623,"comment_status":"open","ping_status":"open","sticky":false,"template":"","format":"standard","meta":{"_jetpack_memberships_contains_paid_content":false,"footnotes":""},"categories":[2],"tags":[],"class_list":["post-10622","post","type-post","status-publish","format-standard","has-post-thumbnail","hentry","category-nacional"],"aioseo_notices":[],"jetpack_featured_media_url":"https:\/\/i0.wp.com\/minutobahia24h.com.br\/wp-content\/uploads\/2024\/04\/Sem-titulo-93.jpg?fit=696%2C420&ssl=1","jetpack_sharing_enabled":true,"_links":{"self":[{"href":"https:\/\/minutobahia24h.com.br\/index.php?rest_route=\/wp\/v2\/posts\/10622","targetHints":{"allow":["GET"]}}],"collection":[{"href":"https:\/\/minutobahia24h.com.br\/index.php?rest_route=\/wp\/v2\/posts"}],"about":[{"href":"https:\/\/minutobahia24h.com.br\/index.php?rest_route=\/wp\/v2\/types\/post"}],"author":[{"embeddable":true,"href":"https:\/\/minutobahia24h.com.br\/index.php?rest_route=\/wp\/v2\/users\/2"}],"replies":[{"embeddable":true,"href":"https:\/\/minutobahia24h.com.br\/index.php?rest_route=%2Fwp%2Fv2%2Fcomments&post=10622"}],"version-history":[{"count":1,"href":"https:\/\/minutobahia24h.com.br\/index.php?rest_route=\/wp\/v2\/posts\/10622\/revisions"}],"predecessor-version":[{"id":10624,"href":"https:\/\/minutobahia24h.com.br\/index.php?rest_route=\/wp\/v2\/posts\/10622\/revisions\/10624"}],"wp:featuredmedia":[{"embeddable":true,"href":"https:\/\/minutobahia24h.com.br\/index.php?rest_route=\/wp\/v2\/media\/10623"}],"wp:attachment":[{"href":"https:\/\/minutobahia24h.com.br\/index.php?rest_route=%2Fwp%2Fv2%2Fmedia&parent=10622"}],"wp:term":[{"taxonomy":"category","embeddable":true,"href":"https:\/\/minutobahia24h.com.br\/index.php?rest_route=%2Fwp%2Fv2%2Fcategories&post=10622"},{"taxonomy":"post_tag","embeddable":true,"href":"https:\/\/minutobahia24h.com.br\/index.php?rest_route=%2Fwp%2Fv2%2Ftags&post=10622"}],"curies":[{"name":"wp","href":"https:\/\/api.w.org\/{rel}","templated":true}]}}