{"id":10530,"date":"2024-04-05T07:34:51","date_gmt":"2024-04-05T10:34:51","guid":{"rendered":"https:\/\/minutobahia24h.com.br\/?p=10530"},"modified":"2024-04-05T07:34:52","modified_gmt":"2024-04-05T10:34:52","slug":"vacina-contra-o-hpv-sera-aplicada-em-dose-unica","status":"publish","type":"post","link":"https:\/\/minutobahia24h.com.br\/?p=10530","title":{"rendered":"Vacina contra o HPV ser\u00e1 aplicada em dose \u00fanica"},"content":{"rendered":"<div class=\"wp-block-image\">\n<figure class=\"aligncenter size-full\"><img data-recalc-dims=\"1\" fetchpriority=\"high\" decoding=\"async\" width=\"698\" height=\"351\" src=\"https:\/\/i0.wp.com\/minutobahia24h.com.br\/wp-content\/uploads\/2024\/04\/Sem-titulo-70.jpg?resize=698%2C351&#038;ssl=1\" alt=\"\" class=\"wp-image-10531\" srcset=\"https:\/\/i0.wp.com\/minutobahia24h.com.br\/wp-content\/uploads\/2024\/04\/Sem-titulo-70.jpg?w=698&amp;ssl=1 698w, https:\/\/i0.wp.com\/minutobahia24h.com.br\/wp-content\/uploads\/2024\/04\/Sem-titulo-70.jpg?resize=300%2C151&amp;ssl=1 300w, https:\/\/i0.wp.com\/minutobahia24h.com.br\/wp-content\/uploads\/2024\/04\/Sem-titulo-70.jpg?resize=360%2C180&amp;ssl=1 360w\" sizes=\"(max-width: 698px) 100vw, 698px\" \/><\/figure>\n<\/div>\n\n\n<p>A aplica\u00e7\u00e3o da vacina contra o HPV (Papiloma V\u00edrus Humano) come\u00e7a a ser administrada em dose \u00fanica, conforme nota t\u00e9cnica do Minist\u00e9rio da Sa\u00fade. Somente neste ano, a Secretaria Municipal de Sa\u00fade (SMS) de Feira de Santana aplicou 5.863 doses. O imunizante \u00e9 fundamental na preven\u00e7\u00e3o do c\u00e2ncer de colo do \u00fatero.<\/p>\n\n\n\n<p>A vacina contra o HPV \u00e9 disponibilizada para meninas e meninos de 9 a 14 anos. O imunizante tamb\u00e9m \u00e9 ofertado a homens e mulheres imunossuprimidos de 9 a 45 anos que vivem com HIV\/AIDS, transplantados de \u00f3rg\u00e3os s\u00f3lidos ou medula \u00f3ssea, pacientes oncol\u00f3gicos e v\u00edtimas de abuso sexual, homens e mulheres de 9 a 45 anos de idade.<\/p>\n\n\n\n<p>A nota t\u00e9cnica do Minist\u00e9rio da Sa\u00fade incluiu um novo grupo no Programa Nacional de Imuniza\u00e7\u00f5es (PNI): pessoas portadoras de papilomatose respirat\u00f3ria recorrente (PPR), de 9 a 45 anos.<\/p>\n\n\n\n<p>Em Feira de Santana, a vacina contra o HPV \u00e9 aplicada em todas as Unidades B\u00e1sicas de Sa\u00fade (UBSs) e Unidades de Sa\u00fade da Fam\u00edlia (USFs). Para ser imunizado, \u00e9 necess\u00e1rio apresentar documento de identidade, cart\u00e3o SUS e caderneta de vacina\u00e7\u00e3o. Entretanto, a aplica\u00e7\u00e3o em crian\u00e7as e adolescentes \u00e9 feita somente na presen\u00e7a dos pais ou respons\u00e1vel legal.<\/p>\n","protected":false},"excerpt":{"rendered":"<p>A aplica\u00e7\u00e3o da vacina contra o HPV (Papiloma V\u00edrus Humano) come\u00e7a a ser administrada em dose \u00fanica, conforme nota t\u00e9cnica do Minist\u00e9rio da Sa\u00fade. Somente neste ano, a Secretaria Municipal de Sa\u00fade (SMS) de Feira de Santana aplicou 5.863 doses. O imunizante \u00e9 fundamental na preven\u00e7\u00e3o do c\u00e2ncer de colo do \u00fatero. A vacina contra [&hellip;]<\/p>\n","protected":false},"author":2,"featured_media":10531,"comment_status":"open","ping_status":"open","sticky":false,"template":"","format":"standard","meta":{"_jetpack_memberships_contains_paid_content":false,"footnotes":""},"categories":[18],"tags":[],"class_list":["post-10530","post","type-post","status-publish","format-standard","has-post-thumbnail","hentry","category-saude"],"aioseo_notices":[],"jetpack_featured_media_url":"https:\/\/i0.wp.com\/minutobahia24h.com.br\/wp-content\/uploads\/2024\/04\/Sem-titulo-70.jpg?fit=698%2C351&ssl=1","jetpack_sharing_enabled":true,"_links":{"self":[{"href":"https:\/\/minutobahia24h.com.br\/index.php?rest_route=\/wp\/v2\/posts\/10530","targetHints":{"allow":["GET"]}}],"collection":[{"href":"https:\/\/minutobahia24h.com.br\/index.php?rest_route=\/wp\/v2\/posts"}],"about":[{"href":"https:\/\/minutobahia24h.com.br\/index.php?rest_route=\/wp\/v2\/types\/post"}],"author":[{"embeddable":true,"href":"https:\/\/minutobahia24h.com.br\/index.php?rest_route=\/wp\/v2\/users\/2"}],"replies":[{"embeddable":true,"href":"https:\/\/minutobahia24h.com.br\/index.php?rest_route=%2Fwp%2Fv2%2Fcomments&post=10530"}],"version-history":[{"count":1,"href":"https:\/\/minutobahia24h.com.br\/index.php?rest_route=\/wp\/v2\/posts\/10530\/revisions"}],"predecessor-version":[{"id":10532,"href":"https:\/\/minutobahia24h.com.br\/index.php?rest_route=\/wp\/v2\/posts\/10530\/revisions\/10532"}],"wp:featuredmedia":[{"embeddable":true,"href":"https:\/\/minutobahia24h.com.br\/index.php?rest_route=\/wp\/v2\/media\/10531"}],"wp:attachment":[{"href":"https:\/\/minutobahia24h.com.br\/index.php?rest_route=%2Fwp%2Fv2%2Fmedia&parent=10530"}],"wp:term":[{"taxonomy":"category","embeddable":true,"href":"https:\/\/minutobahia24h.com.br\/index.php?rest_route=%2Fwp%2Fv2%2Fcategories&post=10530"},{"taxonomy":"post_tag","embeddable":true,"href":"https:\/\/minutobahia24h.com.br\/index.php?rest_route=%2Fwp%2Fv2%2Ftags&post=10530"}],"curies":[{"name":"wp","href":"https:\/\/api.w.org\/{rel}","templated":true}]}}