{"id":10527,"date":"2024-04-05T07:30:37","date_gmt":"2024-04-05T10:30:37","guid":{"rendered":"https:\/\/minutobahia24h.com.br\/?p=10527"},"modified":"2024-04-05T07:30:39","modified_gmt":"2024-04-05T10:30:39","slug":"homem-acusado-de-estuprar-e-manter-em-carcere-privado-filhas-de-9-e-11-anos-em-serrolandia-e-preso-na-rms","status":"publish","type":"post","link":"https:\/\/minutobahia24h.com.br\/?p=10527","title":{"rendered":"Homem acusado de estuprar e manter em c\u00e1rcere privado filhas de 9 e 11 anos em Serrol\u00e2ndia \u00e9 preso na RMS"},"content":{"rendered":"<div class=\"wp-block-image\">\n<figure class=\"aligncenter size-full\"><img data-recalc-dims=\"1\" fetchpriority=\"high\" decoding=\"async\" width=\"768\" height=\"574\" src=\"https:\/\/i0.wp.com\/minutobahia24h.com.br\/wp-content\/uploads\/2024\/04\/Sem-titulo-69.jpg?resize=768%2C574&#038;ssl=1\" alt=\"\" class=\"wp-image-10528\" srcset=\"https:\/\/i0.wp.com\/minutobahia24h.com.br\/wp-content\/uploads\/2024\/04\/Sem-titulo-69.jpg?w=768&amp;ssl=1 768w, https:\/\/i0.wp.com\/minutobahia24h.com.br\/wp-content\/uploads\/2024\/04\/Sem-titulo-69.jpg?resize=300%2C224&amp;ssl=1 300w, https:\/\/i0.wp.com\/minutobahia24h.com.br\/wp-content\/uploads\/2024\/04\/Sem-titulo-69.jpg?resize=750%2C561&amp;ssl=1 750w\" sizes=\"(max-width: 768px) 100vw, 768px\" \/><figcaption class=\"wp-element-caption\"><strong>Foto: Divulga\u00e7\u00e3o\/ Ascom PC<\/strong><br><\/figcaption><\/figure>\n<\/div>\n\n\n<p>Um homem investigado por abusar das filhas de 9 e 11 anos e manter as meninas em c\u00e1rcere privado foi preso em flagrante, nesta quinta-feira (4), em Vilas do Atl\u00e2ntico, por equipes da Delegacia Especializada de Repress\u00e3o aos Crimes Contra a Crian\u00e7a e ao Adolescente (Dercca).<\/p>\n\n\n\n<p>Investiga\u00e7\u00f5es realizadas pela unidade especializada em conjunto com o Departamento de Intelig\u00eancia Policial (DIP), Delegacia de Repress\u00e3o a Furtos e Roubos de Ve\u00edculos (DRFRV), Delegacia Territorial (DT) de Serrol\u00e2ndia e a Coordena\u00e7\u00e3o de Apoio T\u00e9cnico \u00e0 Investiga\u00e7\u00e3o (Cati\/Sert\u00e3o) de Feira de Santana possibilitaram a elucida\u00e7\u00e3o do caso e a localiza\u00e7\u00e3o do homem. Duas r\u00e9plicas de rev\u00f3lver calibre 38 e uma pistola, utilizados em jogos de AirSoft, quatro notebooks, celulares e outros dispositivos eletr\u00f4nicos foram apreendidos com o suspeito.<\/p>\n\n\n\n<p>De acordo com a titular da Dercca, delegada Simone Moutinho, as investiga\u00e7\u00f5es tiveram in\u00edcio quando o suspeito, para tentar ocultar o crime praticado por ele, registou uma ocorr\u00eancia na unidade especializada denunciado o av\u00f4 das crian\u00e7as. Ele acusava o idoso de estupro.<a><\/a><\/p>\n\n\n\n<p>Ao tomar conhecimento do boletim de ocorr\u00eancia, a m\u00e3e das garotas procurou a DT de Serrol\u00e2ndia, cidade onde o homem tamb\u00e9m tem uma resid\u00eancia e desmentiu a den\u00fancia, apontando o ex-companheiro como autor dos abusos. A troca de informa\u00e7\u00f5es entre as unidades policiais indicou que o investigado estaria em Feira de Santana.<\/p>\n\n\n\n<p>\u201cQuando as equipes chegaram no endere\u00e7o o suspeito j\u00e1 tinha ido embora. O carro alugado por ele naquela cidade foi rastreado pelos policiais, indicando a sua localiza\u00e7\u00e3o no bairro de Vilas do Atl\u00e2ntico, em Lauro de Freitas\u201d, informou Simone Moutinho.<\/p>\n\n\n\n<p>As v\u00edtimas estavam em c\u00e1rcere privado e foram resgatadas por equipes do Servi\u00e7o de Intelig\u00eancia da Dercca. No im\u00f3vel foram flagrados o autor e um casal de amigos do homem, que tamb\u00e9m ser\u00e1 ouvido na unidade especializada. As meninas ser\u00e3o acolhidas e assistidas pela equipe multidisciplinar da Dercca, onde v\u00e3o permanecer at\u00e9 a chegada da m\u00e3e.<\/p>\n\n\n\n<p>abahiaacontece<\/p>\n","protected":false},"excerpt":{"rendered":"<p>Um homem investigado por abusar das filhas de 9 e 11 anos e manter as meninas em c\u00e1rcere privado foi preso em flagrante, nesta quinta-feira (4), em Vilas do Atl\u00e2ntico, por equipes da Delegacia Especializada de Repress\u00e3o aos Crimes Contra a Crian\u00e7a e ao Adolescente (Dercca). Investiga\u00e7\u00f5es realizadas pela unidade especializada em conjunto com o [&hellip;]<\/p>\n","protected":false},"author":2,"featured_media":10528,"comment_status":"open","ping_status":"open","sticky":false,"template":"","format":"standard","meta":{"_jetpack_memberships_contains_paid_content":false,"footnotes":""},"categories":[21],"tags":[],"class_list":["post-10527","post","type-post","status-publish","format-standard","has-post-thumbnail","hentry","category-bahia"],"aioseo_notices":[],"jetpack_featured_media_url":"https:\/\/i0.wp.com\/minutobahia24h.com.br\/wp-content\/uploads\/2024\/04\/Sem-titulo-69.jpg?fit=768%2C574&ssl=1","jetpack_sharing_enabled":true,"_links":{"self":[{"href":"https:\/\/minutobahia24h.com.br\/index.php?rest_route=\/wp\/v2\/posts\/10527","targetHints":{"allow":["GET"]}}],"collection":[{"href":"https:\/\/minutobahia24h.com.br\/index.php?rest_route=\/wp\/v2\/posts"}],"about":[{"href":"https:\/\/minutobahia24h.com.br\/index.php?rest_route=\/wp\/v2\/types\/post"}],"author":[{"embeddable":true,"href":"https:\/\/minutobahia24h.com.br\/index.php?rest_route=\/wp\/v2\/users\/2"}],"replies":[{"embeddable":true,"href":"https:\/\/minutobahia24h.com.br\/index.php?rest_route=%2Fwp%2Fv2%2Fcomments&post=10527"}],"version-history":[{"count":1,"href":"https:\/\/minutobahia24h.com.br\/index.php?rest_route=\/wp\/v2\/posts\/10527\/revisions"}],"predecessor-version":[{"id":10529,"href":"https:\/\/minutobahia24h.com.br\/index.php?rest_route=\/wp\/v2\/posts\/10527\/revisions\/10529"}],"wp:featuredmedia":[{"embeddable":true,"href":"https:\/\/minutobahia24h.com.br\/index.php?rest_route=\/wp\/v2\/media\/10528"}],"wp:attachment":[{"href":"https:\/\/minutobahia24h.com.br\/index.php?rest_route=%2Fwp%2Fv2%2Fmedia&parent=10527"}],"wp:term":[{"taxonomy":"category","embeddable":true,"href":"https:\/\/minutobahia24h.com.br\/index.php?rest_route=%2Fwp%2Fv2%2Fcategories&post=10527"},{"taxonomy":"post_tag","embeddable":true,"href":"https:\/\/minutobahia24h.com.br\/index.php?rest_route=%2Fwp%2Fv2%2Ftags&post=10527"}],"curies":[{"name":"wp","href":"https:\/\/api.w.org\/{rel}","templated":true}]}}