{"id":10438,"date":"2024-04-03T14:31:17","date_gmt":"2024-04-03T17:31:17","guid":{"rendered":"https:\/\/minutobahia24h.com.br\/?p=10438"},"modified":"2024-04-03T14:31:33","modified_gmt":"2024-04-03T17:31:33","slug":"andre-nascimento-assume-a-secretaria-de-saude-de-jaguarari","status":"publish","type":"post","link":"https:\/\/minutobahia24h.com.br\/?p=10438","title":{"rendered":"Andr\u00e9 Nascimento assume a Secretaria de Sa\u00fade de Jaguarari"},"content":{"rendered":"<div class=\"wp-block-image\">\n<figure class=\"aligncenter size-full\"><img data-recalc-dims=\"1\" fetchpriority=\"high\" decoding=\"async\" width=\"403\" height=\"400\" src=\"https:\/\/i0.wp.com\/minutobahia24h.com.br\/wp-content\/uploads\/2024\/04\/Sem-titulo-44.jpg?resize=403%2C400&#038;ssl=1\" alt=\"\" class=\"wp-image-10439\" srcset=\"https:\/\/i0.wp.com\/minutobahia24h.com.br\/wp-content\/uploads\/2024\/04\/Sem-titulo-44.jpg?w=403&amp;ssl=1 403w, https:\/\/i0.wp.com\/minutobahia24h.com.br\/wp-content\/uploads\/2024\/04\/Sem-titulo-44.jpg?resize=300%2C298&amp;ssl=1 300w, https:\/\/i0.wp.com\/minutobahia24h.com.br\/wp-content\/uploads\/2024\/04\/Sem-titulo-44.jpg?resize=150%2C150&amp;ssl=1 150w, https:\/\/i0.wp.com\/minutobahia24h.com.br\/wp-content\/uploads\/2024\/04\/Sem-titulo-44.jpg?resize=75%2C75&amp;ssl=1 75w\" sizes=\"(max-width: 403px) 100vw, 403px\" \/><\/figure>\n<\/div>\n\n\n<p>O advogado Andr\u00e9 Samuel Gon\u00e7alves do Nascimento \u00e9 o novo secret\u00e1rio municipal de Sa\u00fade de Jaguarari. Ele assume no lugar de Izabela Priscilla Silveira Gon\u00e7alves Nascimento, que foi exonerada do cargo a pedido. A troca na pasta foi publicada no Di\u00e1rio Oficial do Munic\u00edpio na edi\u00e7\u00e3o desta quarta-feira, 03 de abril, atrav\u00e9s dos decretos 56 e 57\/2024 e assinado pelo prefeito Ant\u00f4nio Nascimento.<\/p>\n\n\n\n<p>Andr\u00e9 Nascimento, que \u00e9 ex-vereador, filho do prefeito Seu Ant\u00f4nio e esposo da ex-secret\u00e1ria Izabela. O advogado foi eleito vereador nas elei\u00e7\u00f5es de 2020 com 684 votos, depois se licenciou do cargo no legislativo e ficou a frente da Secretaria de Governo. Em setembro de 2021 pediu exonera\u00e7\u00e3o e retornou a C\u00e2mara de Vereadores. J\u00e1 em 2023, Andr\u00e9, surpreendeu a todos com sua renuncia do cargo de vereador e assumiu fun\u00e7\u00f5es em Bras\u00edlia e Salvador.<\/p>\n\n\n\n<p><strong><em>Portal Jaguarari<\/em><\/strong><\/p>\n\n\n<div class=\"wp-block-image\">\n<figure class=\"aligncenter\"><a href=\"https:\/\/i0.wp.com\/blogger.googleusercontent.com\/img\/b\/R29vZ2xl\/AVvXsEiAIbfl80YAUfEs8k2gaOLqVA-Rc2W7TVsNc07LKMOMfEIPrqPDFIh5qm4SPL67JvRsooS81b3Rzu_cC9WrfwgN4BUDGioktrhsZBgWwgnaw5DXehN7XQqf_XbA1GzpvVzUqsJ0hImk-kugcbVNUvOdSOKk9o3wbOlqKf-aeGeuJ0qmIxTg7vXZunwQMTA\/s970\/Screenshot_20240403-113227_1.png?ssl=1\"><img data-recalc-dims=\"1\" decoding=\"async\" data-src=\"https:\/\/i0.wp.com\/blogger.googleusercontent.com\/img\/b\/R29vZ2xl\/AVvXsEiAIbfl80YAUfEs8k2gaOLqVA-Rc2W7TVsNc07LKMOMfEIPrqPDFIh5qm4SPL67JvRsooS81b3Rzu_cC9WrfwgN4BUDGioktrhsZBgWwgnaw5DXehN7XQqf_XbA1GzpvVzUqsJ0hImk-kugcbVNUvOdSOKk9o3wbOlqKf-aeGeuJ0qmIxTg7vXZunwQMTA\/w476-h640\/Screenshot_20240403-113227_1.png?w=800&#038;ssl=1\" alt=\"\" src=\"data:image\/gif;base64,R0lGODlhAQABAAAAACH5BAEKAAEALAAAAAABAAEAAAICTAEAOw==\" class=\"lazyload\" \/><noscript><img data-recalc-dims=\"1\" decoding=\"async\" src=\"https:\/\/i0.wp.com\/blogger.googleusercontent.com\/img\/b\/R29vZ2xl\/AVvXsEiAIbfl80YAUfEs8k2gaOLqVA-Rc2W7TVsNc07LKMOMfEIPrqPDFIh5qm4SPL67JvRsooS81b3Rzu_cC9WrfwgN4BUDGioktrhsZBgWwgnaw5DXehN7XQqf_XbA1GzpvVzUqsJ0hImk-kugcbVNUvOdSOKk9o3wbOlqKf-aeGeuJ0qmIxTg7vXZunwQMTA\/w476-h640\/Screenshot_20240403-113227_1.png?w=800&#038;ssl=1\" alt=\"\"\/><\/noscript><\/a><\/figure>\n<\/div>\n\n\n<p><strong><br><a href=\"https:\/\/blogger.googleusercontent.com\/img\/b\/R29vZ2xl\/AVvXsEicQzJ6pyNLPpx60BVNrO6kInhpYrYNW9ssH1FUAnyJRhbfQSG_AI5jdTD0ImOQVUuVUnF3mUsSLqBG6Fqb8xQB4PVlsKroPmDwUqL0neDkNfmAoBeLosRnVDryn8SMc-E5oSbLPnxMhDTDAW7Z4uQRxFkfZeqz5TeODVuzjZ6f3BFCY861JIBwpgfpRMg\/s933\/Screenshot_20240403-113209_1.png\"><\/a><br><em>Imagens: Reprodu\u00e7\u00e3o\/DOE<\/em><\/strong><\/p>\n","protected":false},"excerpt":{"rendered":"<p>O advogado Andr\u00e9 Samuel Gon\u00e7alves do Nascimento \u00e9 o novo secret\u00e1rio municipal de Sa\u00fade de Jaguarari. Ele assume no lugar de Izabela Priscilla Silveira Gon\u00e7alves Nascimento, que foi exonerada do cargo a pedido. A troca na pasta foi publicada no Di\u00e1rio Oficial do Munic\u00edpio na edi\u00e7\u00e3o desta quarta-feira, 03 de abril, atrav\u00e9s dos decretos 56 [&hellip;]<\/p>\n","protected":false},"author":2,"featured_media":10439,"comment_status":"open","ping_status":"open","sticky":false,"template":"","format":"standard","meta":{"_jetpack_memberships_contains_paid_content":false,"footnotes":""},"categories":[12],"tags":[],"class_list":["post-10438","post","type-post","status-publish","format-standard","has-post-thumbnail","hentry","category-jaguarari"],"aioseo_notices":[],"jetpack_featured_media_url":"https:\/\/i0.wp.com\/minutobahia24h.com.br\/wp-content\/uploads\/2024\/04\/Sem-titulo-44.jpg?fit=403%2C400&ssl=1","jetpack_sharing_enabled":true,"_links":{"self":[{"href":"https:\/\/minutobahia24h.com.br\/index.php?rest_route=\/wp\/v2\/posts\/10438","targetHints":{"allow":["GET"]}}],"collection":[{"href":"https:\/\/minutobahia24h.com.br\/index.php?rest_route=\/wp\/v2\/posts"}],"about":[{"href":"https:\/\/minutobahia24h.com.br\/index.php?rest_route=\/wp\/v2\/types\/post"}],"author":[{"embeddable":true,"href":"https:\/\/minutobahia24h.com.br\/index.php?rest_route=\/wp\/v2\/users\/2"}],"replies":[{"embeddable":true,"href":"https:\/\/minutobahia24h.com.br\/index.php?rest_route=%2Fwp%2Fv2%2Fcomments&post=10438"}],"version-history":[{"count":2,"href":"https:\/\/minutobahia24h.com.br\/index.php?rest_route=\/wp\/v2\/posts\/10438\/revisions"}],"predecessor-version":[{"id":10441,"href":"https:\/\/minutobahia24h.com.br\/index.php?rest_route=\/wp\/v2\/posts\/10438\/revisions\/10441"}],"wp:featuredmedia":[{"embeddable":true,"href":"https:\/\/minutobahia24h.com.br\/index.php?rest_route=\/wp\/v2\/media\/10439"}],"wp:attachment":[{"href":"https:\/\/minutobahia24h.com.br\/index.php?rest_route=%2Fwp%2Fv2%2Fmedia&parent=10438"}],"wp:term":[{"taxonomy":"category","embeddable":true,"href":"https:\/\/minutobahia24h.com.br\/index.php?rest_route=%2Fwp%2Fv2%2Fcategories&post=10438"},{"taxonomy":"post_tag","embeddable":true,"href":"https:\/\/minutobahia24h.com.br\/index.php?rest_route=%2Fwp%2Fv2%2Ftags&post=10438"}],"curies":[{"name":"wp","href":"https:\/\/api.w.org\/{rel}","templated":true}]}}