{"id":10321,"date":"2024-04-02T07:49:59","date_gmt":"2024-04-02T10:49:59","guid":{"rendered":"https:\/\/minutobahia24h.com.br\/?p=10321"},"modified":"2024-04-02T07:50:01","modified_gmt":"2024-04-02T10:50:01","slug":"governo-estadual-investira-r-28-milhoes-em-qualificacao-de-mao-de-obra-na-bahia-em-2024","status":"publish","type":"post","link":"https:\/\/minutobahia24h.com.br\/?p=10321","title":{"rendered":"Governo estadual investir\u00e1 R$ 28 milh\u00f5es em qualifica\u00e7\u00e3o de m\u00e3o de obra na Bahia em 2024"},"content":{"rendered":"<div class=\"wp-block-image\">\n<figure class=\"aligncenter size-full\"><img data-recalc-dims=\"1\" fetchpriority=\"high\" decoding=\"async\" width=\"600\" height=\"420\" src=\"https:\/\/i0.wp.com\/minutobahia24h.com.br\/wp-content\/uploads\/2024\/04\/Sem-titulo-19.jpg?resize=600%2C420&#038;ssl=1\" alt=\"\" class=\"wp-image-10322\" srcset=\"https:\/\/i0.wp.com\/minutobahia24h.com.br\/wp-content\/uploads\/2024\/04\/Sem-titulo-19.jpg?w=600&amp;ssl=1 600w, https:\/\/i0.wp.com\/minutobahia24h.com.br\/wp-content\/uploads\/2024\/04\/Sem-titulo-19.jpg?resize=300%2C210&amp;ssl=1 300w\" sizes=\"(max-width: 600px) 100vw, 600px\" \/><figcaption class=\"wp-element-caption\">Foto: Fernando Vivas\/GOVBA<br><\/figcaption><\/figure>\n<\/div>\n\n\n<p>A not\u00edcia de que a BYD \u2013 maior fabricante de carros de energia limpa do mundo, deve gerar dez mil postos de trabalho diretos e indiretos no estado, tem promovido uma corrida na busca por cursos de qualifica\u00e7\u00e3o profissional para a sele\u00e7\u00e3o da montadora chinesa. Para auxiliar os trabalhadores interessados em uma dessas vagas, o governo do estado, atrav\u00e9s da Secretaria do Trabalho, Emprego, Renda e Esporte (Setre) em parceria com o Senai de Cama\u00e7ari, vai disponibilizar, nesta primeira etapa, 500 vagas para quatro cursos gratuitos, com inscri\u00e7\u00f5es at\u00e9 a pr\u00f3xima sexta-feira (5). Esta \u00e9 apenas uma das iniciativas da secretaria, que em 2024, dever\u00e1 investir R$ 28 milh\u00f5es na prepara\u00e7\u00e3o de m\u00e3o de obra, para o mercado de trabalho na Bahia.<\/p>\n\n\n\n<p>Estudante do \u00faltimo m\u00f3dulo do curso t\u00e9cnico em eletromec\u00e2nica no Senai de Cama\u00e7ari, Ederson Cerqueira Santos j\u00e1 garantiu a inscri\u00e7\u00e3o no curso de manuten\u00e7\u00e3o de m\u00e1quinas industriais voltado para a sele\u00e7\u00e3o na BYD. Ele quer ainda mais qualifica\u00e7\u00e3o para garantir a t\u00e3o sonhada vaga. \u201cOs cursos oferecidos pelo Senai s\u00e3o muito bons, sendo uma \u00f3tima oportunidade de prepara\u00e7\u00e3o para o mercado de trabalho, especialmente com a constante evolu\u00e7\u00e3o da tecnologia e das ind\u00fastrias. Com mais uma qualifica\u00e7\u00e3o vou me destacar ainda mais no mercado de trabalho e colocar em pr\u00e1tica todo o conhecimento adquirido. Essa vaga na BYD \u00e9 uma oportunidade \u00fanica, de ouro\u201d, disse entusiasmado.<\/p>\n\n\n\n<p>Para o gerente da unidade do Senai Cama\u00e7ari, S\u00e9rgio Martins, esta \u00e9 mais uma parceria exitosa com o governo, especialmente para a ind\u00fastria automotiva. \u201cAqui oferecemos tanto atividades te\u00f3ricas quanto pr\u00e1ticas, proporcionando uma forma\u00e7\u00e3o abrangente aos participantes. Essa iniciativa certamente contribuir\u00e1 para o desenvolvimento econ\u00f4mico e social da regi\u00e3o\u201d, afirmou S\u00e9rgio. A estrutura do Senai conta com 19 salas de aula, seis laborat\u00f3rios de inform\u00e1tica e dois galp\u00f5es de curso pr\u00e1tico. A unidade tamb\u00e9m foi respons\u00e1vel pelo projeto Amazon, que qualificou m\u00e3o de obra para a empresa automobil\u00edstica Ford.<\/p>\n\n\n\n<p>Para a BYD ser\u00e3o ofertados os cursos de operador de produ\u00e7\u00e3o veicular, auxiliar de linha de produ\u00e7\u00e3o, mec\u00e2nico de manuten\u00e7\u00e3o de m\u00e1quinas industriais e inspetor de qualidade. Podem se inscrever trabalhadores (as) sem ocupa\u00e7\u00e3o, a partir de 16 anos, com ensino m\u00e9dio completo, cadastrados (as) nas ag\u00eancias do Sistema Nacional de Emprego \u2013 SineBahia. A carga hor\u00e1ria \u00e9 de 200 a 260 horas. Os interessados devem se inscrever exclusivamente atrav\u00e9s do link&nbsp;<a href=\"https:\/\/forms.office.com\/r\/xw3d7E5xMj\" target=\"_blank\" rel=\"noreferrer noopener\">https:\/\/forms.office.com\/r\/xw3d7E5xMj<\/a>, nos principais canais digitais da Setre (www.trabalho.ba.gov.br e @setrebahia) e do SineBahia (@sinebahiaoficial).<\/p>\n\n\n\n<p>Importante lembrar que a qualifica\u00e7\u00e3o para a BYD visa, especialmente, preparar candidatos para participar da sele\u00e7\u00e3o, mas n\u00e3o garante a contrata\u00e7\u00e3o que est\u00e1 atrelada a crit\u00e9rios espec\u00edficos da montadora. Al\u00e9m da qualifica\u00e7\u00e3o gratuita, os selecionados receber\u00e3o fardamento, material did\u00e1tico, transporte para deslocamento e lanche.<\/p>\n\n\n\n<p><strong>Oportunidades para baianos<\/strong><\/p>\n\n\n\n<p>A Setre vai investir ainda em 2024, R$ 28 milh\u00f5es em capacita\u00e7\u00e3o e incentivo ao empreendedorismo. S\u00e3o programas como o Qualifica Bahia e o Juventude Produtiva que possibilitam oportunidade de gera\u00e7\u00e3o de trabalho e renda para milhares de mulheres, jovens, sobretudo negros e negras, pessoas em priva\u00e7\u00e3o de liberdade e pessoas com defici\u00eancia. A ideia \u00e9 manter a Bahia na primeira posi\u00e7\u00e3o na gera\u00e7\u00e3o de empregos com carteira assinada no Nordeste, como aconteceu no m\u00eas de janeiro, segundo dados do Cadastro Geral de Empregados e Desempregados (Caged) divulgados pelo Minist\u00e9rio do Trabalho e Emprego (MTE).<\/p>\n\n\n\n<p>De acordo com o secret\u00e1rio do Trabalho, Emprego, Renda e Esporte, Davidson Magalh\u00e3es, a diversidade de programas e cursos dispon\u00edveis mostram o comprometimento do Governo do Estado, em atender \u00e0s diferentes necessidades dos cidad\u00e3os, que, s\u00f3 em 2023, beneficiou aproximadamente 22 mil pessoas.<\/p>\n\n\n\n<p>\u201cNo ano passado, fizemos cursos de qualifica\u00e7\u00e3o nos 417 munic\u00edpios da Bahia e o Estado se tornou l\u00edder na regi\u00e3o Nordeste de gera\u00e7\u00e3o de emprego formal. Foram quase 80 mil novos empregos formais com carteira assinada gerados. \u00c9 realmente inspirador ver esse esfor\u00e7o para oferecer qualifica\u00e7\u00e3o e oportunidades de crescimento para a popula\u00e7\u00e3o\u201d, declarou o titular da Setre.<\/p>\n\n\n\n<p>Sobre a BYD,\u00a0 Davidson Magalh\u00e3es destacou a import\u00e2ncia de capacitar a m\u00e3o de obra local para trabalhar na montadora. \u201cNos antecipamos \u00e0s necessidades do mercado e estamos viabilizando cursos que atendam especificamente aos crit\u00e9rios estabelecidos pela empresa. O investimento inicial em capacita\u00e7\u00e3o \u00e9 de R$ 1,9 milh\u00e3o. Atrav\u00e9s de uma parceria com o SineBahia, tamb\u00e9m vamos auxiliar a montadora na intermedia\u00e7\u00e3o de m\u00e3o-de-obra. O nosso desejo \u00e9 de que os contratados sejam da Bahia\u201d, pontuou Davidson.<\/p>\n\n\n\n<p>Bahia,ba<\/p>\n","protected":false},"excerpt":{"rendered":"<p>A not\u00edcia de que a BYD \u2013 maior fabricante de carros de energia limpa do mundo, deve gerar dez mil postos de trabalho diretos e indiretos no estado, tem promovido uma corrida na busca por cursos de qualifica\u00e7\u00e3o profissional para a sele\u00e7\u00e3o da montadora chinesa. Para auxiliar os trabalhadores interessados em uma dessas vagas, o [&hellip;]<\/p>\n","protected":false},"author":2,"featured_media":10322,"comment_status":"open","ping_status":"open","sticky":false,"template":"","format":"standard","meta":{"_jetpack_memberships_contains_paid_content":false,"footnotes":""},"categories":[39],"tags":[],"class_list":["post-10321","post","type-post","status-publish","format-standard","has-post-thumbnail","hentry","category-politica"],"aioseo_notices":[],"jetpack_featured_media_url":"https:\/\/i0.wp.com\/minutobahia24h.com.br\/wp-content\/uploads\/2024\/04\/Sem-titulo-19.jpg?fit=600%2C420&ssl=1","jetpack_sharing_enabled":true,"_links":{"self":[{"href":"https:\/\/minutobahia24h.com.br\/index.php?rest_route=\/wp\/v2\/posts\/10321","targetHints":{"allow":["GET"]}}],"collection":[{"href":"https:\/\/minutobahia24h.com.br\/index.php?rest_route=\/wp\/v2\/posts"}],"about":[{"href":"https:\/\/minutobahia24h.com.br\/index.php?rest_route=\/wp\/v2\/types\/post"}],"author":[{"embeddable":true,"href":"https:\/\/minutobahia24h.com.br\/index.php?rest_route=\/wp\/v2\/users\/2"}],"replies":[{"embeddable":true,"href":"https:\/\/minutobahia24h.com.br\/index.php?rest_route=%2Fwp%2Fv2%2Fcomments&post=10321"}],"version-history":[{"count":1,"href":"https:\/\/minutobahia24h.com.br\/index.php?rest_route=\/wp\/v2\/posts\/10321\/revisions"}],"predecessor-version":[{"id":10323,"href":"https:\/\/minutobahia24h.com.br\/index.php?rest_route=\/wp\/v2\/posts\/10321\/revisions\/10323"}],"wp:featuredmedia":[{"embeddable":true,"href":"https:\/\/minutobahia24h.com.br\/index.php?rest_route=\/wp\/v2\/media\/10322"}],"wp:attachment":[{"href":"https:\/\/minutobahia24h.com.br\/index.php?rest_route=%2Fwp%2Fv2%2Fmedia&parent=10321"}],"wp:term":[{"taxonomy":"category","embeddable":true,"href":"https:\/\/minutobahia24h.com.br\/index.php?rest_route=%2Fwp%2Fv2%2Fcategories&post=10321"},{"taxonomy":"post_tag","embeddable":true,"href":"https:\/\/minutobahia24h.com.br\/index.php?rest_route=%2Fwp%2Fv2%2Ftags&post=10321"}],"curies":[{"name":"wp","href":"https:\/\/api.w.org\/{rel}","templated":true}]}}