{"id":10237,"date":"2024-03-29T08:42:40","date_gmt":"2024-03-29T11:42:40","guid":{"rendered":"https:\/\/minutobahia24h.com.br\/?p=10237"},"modified":"2024-03-29T08:42:42","modified_gmt":"2024-03-29T11:42:42","slug":"governo-faz-novo-aceno-a-evangelicos-com-isencao-fiscal-a-igrejas-apos-queda-da-popularidade-de-lula-entre-fieis","status":"publish","type":"post","link":"https:\/\/minutobahia24h.com.br\/?p=10237","title":{"rendered":"Governo faz novo aceno a evang\u00e9licos com isen\u00e7\u00e3o fiscal a igrejas ap\u00f3s queda da popularidade de Lula entre fi\u00e9is"},"content":{"rendered":"<div class=\"wp-block-image\">\n<figure class=\"aligncenter size-full\"><img data-recalc-dims=\"1\" fetchpriority=\"high\" decoding=\"async\" width=\"800\" height=\"533\" src=\"https:\/\/i0.wp.com\/minutobahia24h.com.br\/wp-content\/uploads\/2024\/03\/Sem-titulo-371.jpg?resize=800%2C533&#038;ssl=1\" alt=\"\" class=\"wp-image-10238\" srcset=\"https:\/\/i0.wp.com\/minutobahia24h.com.br\/wp-content\/uploads\/2024\/03\/Sem-titulo-371.jpg?w=888&amp;ssl=1 888w, https:\/\/i0.wp.com\/minutobahia24h.com.br\/wp-content\/uploads\/2024\/03\/Sem-titulo-371.jpg?resize=300%2C200&amp;ssl=1 300w, https:\/\/i0.wp.com\/minutobahia24h.com.br\/wp-content\/uploads\/2024\/03\/Sem-titulo-371.jpg?resize=768%2C512&amp;ssl=1 768w, https:\/\/i0.wp.com\/minutobahia24h.com.br\/wp-content\/uploads\/2024\/03\/Sem-titulo-371.jpg?resize=750%2C500&amp;ssl=1 750w\" sizes=\"(max-width: 800px) 100vw, 800px\" \/><figcaption class=\"wp-element-caption\">Ministro Fernando Haddad se re\u00fane com parlamentares da Frente Evang\u00e9lica no Minist\u00e9rio da Fazenda \u2014 Foto: Gustavo Raniere \/ MF<br><\/figcaption><\/figure>\n<\/div>\n\n\n<p>Em um gesto ao segmento religioso, a Advocacia-Geral da Uni\u00e3o (AGU) e integrantes do Minist\u00e9rio da Fazenda chegaram a um consenso com a bancada evang\u00e9lica para retomada do Ato Declarat\u00f3rio Interpretativo (ADI), mecanismo que amplia a isen\u00e7\u00e3o fiscal sobre a remunera\u00e7\u00e3o de l\u00edderes de igrejas. A negocia\u00e7\u00e3o ocorre em meio \u00e0 queda da popularidade do governo\u00a0<a class=\"\" href=\"https:\/\/oglobo.globo.com\/tudo-sobre\/politico\/luiz-inacio-lula-da-silva\">Lula<\/a>\u00a0entre fi\u00e9is de denomina\u00e7\u00f5es pentecostais.<\/p>\n\n\n\n<p>Ap\u00f3s o di\u00e1logo, o texto acordado ser\u00e1 reeditado com maior detalhamento para garantir que o benef\u00edcio seja estendido para diversas \u201catividades vocacionais\u201d. Isso significa que um pastor ou padre ficar\u00e1 livre do desconto de impostos ao ser remunerado por aulas dominicais ou cursos religiosos. Hoje, a remunera\u00e7\u00e3o pela prega\u00e7\u00e3o em cultos e missas j\u00e1 \u00e9 livre da taxa\u00e7\u00e3o.<\/p>\n\n\n<div class=\"wp-block-image\">\n<figure class=\"aligncenter\"><img data-recalc-dims=\"1\" decoding=\"async\" src=\"https:\/\/i0.wp.com\/s2-oglobo.glbimg.com\/JpPmrNHrGvhcLwn0mYce9k43R8w%3D\/0x0%3A648x2039\/984x0\/smart\/filters%3Astrip_icc%28%29\/i.s3.glbimg.com\/v1\/AUTH_da025474c0c44edd99332dddb09cabe8\/internal_photos\/bs\/2024\/4\/L\/DfUEBIRSiow8ct7DD6Zw\/lula-igrejas-web.jpg?w=800&#038;ssl=1\" alt=\"Benesses tribut\u00e1rias \u2014 Foto: Editoria de Arte\"\/><\/figure>\n<\/div>\n\n\n<p>Benesses tribut\u00e1rias \u2014 Foto: Editoria de Arte<\/p>\n\n\n\n<p>A publica\u00e7\u00e3o da nova edi\u00e7\u00e3o pode ocorrer nos pr\u00f3ximos dias pela Receita Federal. Por lei, as igrejas n\u00e3o precisam pagar imposto previdenci\u00e1rio sobre o sal\u00e1rio dos religiosos. A mudan\u00e7a da norma visa justamente \u00e0 amplia\u00e7\u00e3o do benef\u00edcio para as atividades extras dentro das institui\u00e7\u00f5es.<\/p>\n\n\n\n<p>Os l\u00edderes religiosos, por\u00e9m, seguem obrigados a pagar impostos como qualquer cidad\u00e3o, declarando Imposto de Renda e sobre o consumo.<\/p>\n\n\n\n<p>Em janeiro, a Receita suspendeu um ato do governo&nbsp;<a class=\"\" href=\"https:\/\/oglobo.globo.com\/tudo-sobre\/politico\/jair-messias-bolsonaro\">Jair Bolsonaro<\/a>&nbsp;que garantiu a desonera\u00e7\u00e3o da folha de pagamento das igrejas para servi\u00e7os adicionais prestados por lideran\u00e7as religiosas. A justificativa era de que n\u00e3o estava claro se a ADI tamb\u00e9m estendia o benef\u00edcio fiscal para demais funcion\u00e1rios dos templos.<\/p>\n\n\n\n<h2 class=\"wp-block-heading\">Teto para isen\u00e7\u00e3o<\/h2>\n\n\n\n<p>Agora, o objetivo do novo texto \u00e9 deixar claro que profissionais contratados para outras atividades, como administrativas, limpeza ou servi\u00e7os advocat\u00edcios, ser\u00e3o tributados. O texto foi apresentado a deputados e senadores da Frente Parlamentar Evang\u00e9lica, que terminam de analisar a sugest\u00e3o para o aval final.<\/p>\n\n\n\n<p>\u2014 A nova ADI \u00e9 muito semelhante \u00e0 anterior, mas ela deixa claro que os benef\u00edcios valem apenas para os vocacionados, e n\u00e3o para para os funcion\u00e1rios contratados. Aquele que tem v\u00ednculo empregat\u00edcio, pagam as obriga\u00e7\u00f5es comuns \u2014 disse o deputado federal e ex-prefeito do Rio Marcelo Crivella (Republicanos-RJ).<\/p>\n\n\n\n<p>Durante a negocia\u00e7\u00e3o com a bancada evang\u00e9lica, o governo pediu tamb\u00e9m aos parlamentares que limitasse os sal\u00e1rios isentos. A ideia \u00e9 que quem recebe acima de 70% do montante pago a ministros do Supremo Tribunal Federal (STF) seja descontado de impostos.<\/p>\n\n\n\n<p>O governo considera a limita\u00e7\u00e3o de valor um dos pontos mais importantes da medida, para evitar que lideran\u00e7as com altas remunera\u00e7\u00f5es fiquem livres de taxa\u00e7\u00e3o. Um ministro do Supremo ganha hoje aproximadamente R$ 39 mil, limitando o sal\u00e1rio de religiosos sem os descontos a R$ 27 mil.<\/p>\n\n\n\n<p>\u2014 Foi proposto que as igrejas n\u00e3o precisam recolher 20% de impostos sobre sal\u00e1rios dos vocacionados, desde que o maior sal\u00e1rio pago seja de no m\u00e1ximo 70% de um sal\u00e1rio de ministro do STF. Acho que n\u00e3o tem problema nenhum. Isso valeria a partir do ano que vem, com a aprova\u00e7\u00e3o do projeto de lei \u2014 disse Crivella.<\/p>\n\n\n\n<p>Em outra frente, o governo tamb\u00e9m deve facilitar a tramita\u00e7\u00e3o da Proposta de Emenda \u00e0 Constitui\u00e7\u00e3o (PEC) que amplia benef\u00edcios fiscais das igrejas, que pode ser votada na pr\u00f3xima semana pela C\u00e2mara. O projeto prev\u00ea o fim da cobran\u00e7a de tributos sobre bens e servi\u00e7os comprados ou contratados por templos de qualquer religi\u00e3o.<\/p>\n","protected":false},"excerpt":{"rendered":"<p>Em um gesto ao segmento religioso, a Advocacia-Geral da Uni\u00e3o (AGU) e integrantes do Minist\u00e9rio da Fazenda chegaram a um consenso com a bancada evang\u00e9lica para retomada do Ato Declarat\u00f3rio Interpretativo (ADI), mecanismo que amplia a isen\u00e7\u00e3o fiscal sobre a remunera\u00e7\u00e3o de l\u00edderes de igrejas. A negocia\u00e7\u00e3o ocorre em meio \u00e0 queda da popularidade do [&hellip;]<\/p>\n","protected":false},"author":2,"featured_media":10238,"comment_status":"open","ping_status":"open","sticky":false,"template":"","format":"standard","meta":{"_jetpack_memberships_contains_paid_content":false,"footnotes":""},"categories":[39],"tags":[],"class_list":["post-10237","post","type-post","status-publish","format-standard","has-post-thumbnail","hentry","category-politica"],"aioseo_notices":[],"jetpack_featured_media_url":"https:\/\/i0.wp.com\/minutobahia24h.com.br\/wp-content\/uploads\/2024\/03\/Sem-titulo-371.jpg?fit=888%2C592&ssl=1","jetpack_sharing_enabled":true,"_links":{"self":[{"href":"https:\/\/minutobahia24h.com.br\/index.php?rest_route=\/wp\/v2\/posts\/10237","targetHints":{"allow":["GET"]}}],"collection":[{"href":"https:\/\/minutobahia24h.com.br\/index.php?rest_route=\/wp\/v2\/posts"}],"about":[{"href":"https:\/\/minutobahia24h.com.br\/index.php?rest_route=\/wp\/v2\/types\/post"}],"author":[{"embeddable":true,"href":"https:\/\/minutobahia24h.com.br\/index.php?rest_route=\/wp\/v2\/users\/2"}],"replies":[{"embeddable":true,"href":"https:\/\/minutobahia24h.com.br\/index.php?rest_route=%2Fwp%2Fv2%2Fcomments&post=10237"}],"version-history":[{"count":1,"href":"https:\/\/minutobahia24h.com.br\/index.php?rest_route=\/wp\/v2\/posts\/10237\/revisions"}],"predecessor-version":[{"id":10240,"href":"https:\/\/minutobahia24h.com.br\/index.php?rest_route=\/wp\/v2\/posts\/10237\/revisions\/10240"}],"wp:featuredmedia":[{"embeddable":true,"href":"https:\/\/minutobahia24h.com.br\/index.php?rest_route=\/wp\/v2\/media\/10238"}],"wp:attachment":[{"href":"https:\/\/minutobahia24h.com.br\/index.php?rest_route=%2Fwp%2Fv2%2Fmedia&parent=10237"}],"wp:term":[{"taxonomy":"category","embeddable":true,"href":"https:\/\/minutobahia24h.com.br\/index.php?rest_route=%2Fwp%2Fv2%2Fcategories&post=10237"},{"taxonomy":"post_tag","embeddable":true,"href":"https:\/\/minutobahia24h.com.br\/index.php?rest_route=%2Fwp%2Fv2%2Ftags&post=10237"}],"curies":[{"name":"wp","href":"https:\/\/api.w.org\/{rel}","templated":true}]}}