{"id":10186,"date":"2024-03-28T07:50:52","date_gmt":"2024-03-28T10:50:52","guid":{"rendered":"https:\/\/minutobahia24h.com.br\/?p=10186"},"modified":"2024-03-28T07:50:53","modified_gmt":"2024-03-28T10:50:53","slug":"em-sp-macron-critica-acordo-entre-mercosul-e-uniao-europeia","status":"publish","type":"post","link":"https:\/\/minutobahia24h.com.br\/?p=10186","title":{"rendered":"Em SP, Macron critica acordo entre Mercosul e Uni\u00e3o Europeia"},"content":{"rendered":"<div class=\"wp-block-image\">\n<figure class=\"aligncenter size-full\"><img data-recalc-dims=\"1\" fetchpriority=\"high\" decoding=\"async\" width=\"600\" height=\"420\" src=\"https:\/\/i0.wp.com\/minutobahia24h.com.br\/wp-content\/uploads\/2024\/03\/Sem-titulo-357.jpg?resize=600%2C420&#038;ssl=1\" alt=\"\" class=\"wp-image-10187\" srcset=\"https:\/\/i0.wp.com\/minutobahia24h.com.br\/wp-content\/uploads\/2024\/03\/Sem-titulo-357.jpg?w=600&amp;ssl=1 600w, https:\/\/i0.wp.com\/minutobahia24h.com.br\/wp-content\/uploads\/2024\/03\/Sem-titulo-357.jpg?resize=300%2C210&amp;ssl=1 300w\" sizes=\"(max-width: 600px) 100vw, 600px\" \/><figcaption class=\"wp-element-caption\">Foto: Paulo Pinto\/Ag\u00eancia Brasil<br><\/figcaption><\/figure>\n<\/div>\n\n\n<p>Ap\u00f3s se reunir com empres\u00e1rios e ministros brasileiros hoje (27) em S\u00e3o Paulo, o presidente da Fran\u00e7a, Emmanuel Macron, disse que n\u00e3o defende o acordo que est\u00e1 sendo costurado entre os pa\u00edses do Mercosul e a Uni\u00e3o Europeia.<\/p>\n\n\n\n<p>Segundo ele, o atual acordo est\u00e1 sendo negociado h\u00e1 mais de 20 anos e n\u00e3o foi atualizado, prevendo, por exemplo, temas como o clima. Para ele, o acordo \u201cprecisa ser renegociado do zero\u201d.<\/p>\n\n\n\n<p>\u201cO Mercosul \u00e9 um p\u00e9ssimo acordo como ele est\u00e1 sendo negociado agora. Esse acordo foi negociado h\u00e1 20 anos. Eu n\u00e3o defendo esse acordo. N\u00e3o \u00e9 o que queremos\u201d, disse. \u201cDeixemos de lado um acordo de 20 anos atr\u00e1s e construamos um novo acordo, mais respons\u00e1vel, prevendo quest\u00f5es como o clima e a reciprocidade\u201d, destacou.<\/p>\n\n\n\n<p>Macron participou hoje do F\u00f3rum Econ\u00f4mico Brasil-Fran\u00e7a, que est\u00e1 sendo realizado na Federa\u00e7\u00e3o das Ind\u00fastrias do Estado de S\u00e3o Paulo (Fiesp), na capital paulista. Este \u00e9 o primeiro dos compromissos de Macron em S\u00e3o Paulo, ap\u00f3s ter participado, na manh\u00e3 de hoje, de evento na cidade de Itagua\u00ed, no Rio de Janeiro.<\/p>\n\n\n\n<p>Nesta sexta-feira (28), ele estar\u00e1 em Bras\u00edlia, onde se encontrar\u00e1 novamente com o presidente da Rep\u00fablica Luiz In\u00e1cio Lula da Silva.<\/p>\n\n\n\n<p>O posicionamento de Macron contraria o governo brasileiro. Antes da fala do presidente franc\u00eas, o vice-presidente da Rep\u00fablica, Geraldo Alckmin, havia defendido o acordo entre o Mercosul e a Uni\u00e3o Europeia. \u201cO Mercosul ampliou mais um pa\u00eds este ano, que \u00e9 a Bol\u00edvia. Fizemos um acordo com Cingapura e houve conversas com a Uni\u00e3o Europeia. O presidente Lula sempre fala que tem que haver reciprocidade. \u00c9 o ganha-ganha. N\u00f3s conquistamos mercado, n\u00f3s abrimos o mercado\u201d, disse Alckmin.<\/p>\n\n\n\n<p>Mais cedo, o ministro da Fazenda, Fernando Haddad, tamb\u00e9m havia defendido o acordo, dizendo que o presidente do Brasil, Luiz In\u00e1cio Lula da Silva \u201cvai continuar insistindo nele\u201d. Haddac chegou a comparar um poss\u00edvel acordo entre o Mercosul e a Uni\u00e3o Europeia com a aprova\u00e7\u00e3o da reforma tribut\u00e1ria no Brasil. Segundo ele, o Brasil demorou 40 anos para aprovar a reforma tribut\u00e1ria que \u201ccolocou um ponto final no caos tribut\u00e1rio\u201d.<\/p>\n\n\n\n<p>\u201cN\u00e3o devemos desistir desse acordo. Se foi poss\u00edvel aprovar a reforma tribut\u00e1ria depois de 40 anos, por que n\u00e3o, depois de 20 (anos) aprovar um bom acordo Uni\u00e3o Europeia e o Mercosul\u201d, disse Haddad ao discursar durante o evento.<\/p>\n\n\n\n<p>Em S\u00e3o Paulo, Macron disse \u201cestar muito feliz em estar\u201d na cidade. Ele transmitiu aos empres\u00e1rios brasileiros tr\u00eas importantes mensagens: \u201cas empresas francesas acreditam no Brasil, as empresas brasileiras devem acreditar mais na Fran\u00e7a e temos uma agenda comum para conseguirmos superar os grandes problemas e que nos levem para uma transi\u00e7\u00e3o energ\u00e9tica\u201d.<\/p>\n\n\n\n<p>Em seu discurso, Macron destacou principalmente o segundo ponto, afirmando que as empresas brasileiras podem acreditar na Fran\u00e7a porque medidas econ\u00f4micas foram tomadas pelo governo franc\u00eas, como a cria\u00e7\u00e3o de empregos e investimentos maci\u00e7os, para tornar o seu pa\u00eds atraente aos neg\u00f3cios. \u201c\u00c9 preciso acelerar, ir mais longe. A Fran\u00e7a ser\u00e1 a porta de entrada ao mercado europeu\u201d, disse ele.<\/p>\n\n\n\n<p>Ele tamb\u00e9m destacou o papel do Brasil e da Fran\u00e7a no enfrentamento das emiss\u00f5es de carbono. Para ele, os dois pa\u00edses juntos podem superar esse problema, criando regras mais claras, redobrando esfor\u00e7os e aperfei\u00e7oando os acordos bilaterais.<\/p>\n\n\n\n<p>Macron chegou na Fiesp por volta das 16h40 e, no local, se reuniu a portas fechadas com o ministro Fernando Haddad, o vice-presidente da Rep\u00fablica Geraldo Alckmin, banqueiros e empres\u00e1rios. Depois, ele discursou no encerramento do evento, antes de seguir para uma agenda por v\u00e1rios locais de S\u00e3o Paulo que prev\u00ea a inaugura\u00e7\u00e3o do Instituto Pasteur, na Universidade de S\u00e3o Paulo (USP); um encontro com jovens da Funda\u00e7\u00e3o Gol de Letra junto ao ex-jogador Ra\u00ed e um jantar com personalidades brasileiras da cultura e do esporte.<\/p>\n\n\n\n<p>Bahia.ba<\/p>\n","protected":false},"excerpt":{"rendered":"<p>Ap\u00f3s se reunir com empres\u00e1rios e ministros brasileiros hoje (27) em S\u00e3o Paulo, o presidente da Fran\u00e7a, Emmanuel Macron, disse que n\u00e3o defende o acordo que est\u00e1 sendo costurado entre os pa\u00edses do Mercosul e a Uni\u00e3o Europeia. Segundo ele, o atual acordo est\u00e1 sendo negociado h\u00e1 mais de 20 anos e n\u00e3o foi atualizado, [&hellip;]<\/p>\n","protected":false},"author":2,"featured_media":10187,"comment_status":"open","ping_status":"open","sticky":false,"template":"","format":"standard","meta":{"_jetpack_memberships_contains_paid_content":false,"footnotes":""},"categories":[15],"tags":[],"class_list":["post-10186","post","type-post","status-publish","format-standard","has-post-thumbnail","hentry","category-mundo"],"aioseo_notices":[],"jetpack_featured_media_url":"https:\/\/i0.wp.com\/minutobahia24h.com.br\/wp-content\/uploads\/2024\/03\/Sem-titulo-357.jpg?fit=600%2C420&ssl=1","jetpack_sharing_enabled":true,"_links":{"self":[{"href":"https:\/\/minutobahia24h.com.br\/index.php?rest_route=\/wp\/v2\/posts\/10186","targetHints":{"allow":["GET"]}}],"collection":[{"href":"https:\/\/minutobahia24h.com.br\/index.php?rest_route=\/wp\/v2\/posts"}],"about":[{"href":"https:\/\/minutobahia24h.com.br\/index.php?rest_route=\/wp\/v2\/types\/post"}],"author":[{"embeddable":true,"href":"https:\/\/minutobahia24h.com.br\/index.php?rest_route=\/wp\/v2\/users\/2"}],"replies":[{"embeddable":true,"href":"https:\/\/minutobahia24h.com.br\/index.php?rest_route=%2Fwp%2Fv2%2Fcomments&post=10186"}],"version-history":[{"count":1,"href":"https:\/\/minutobahia24h.com.br\/index.php?rest_route=\/wp\/v2\/posts\/10186\/revisions"}],"predecessor-version":[{"id":10188,"href":"https:\/\/minutobahia24h.com.br\/index.php?rest_route=\/wp\/v2\/posts\/10186\/revisions\/10188"}],"wp:featuredmedia":[{"embeddable":true,"href":"https:\/\/minutobahia24h.com.br\/index.php?rest_route=\/wp\/v2\/media\/10187"}],"wp:attachment":[{"href":"https:\/\/minutobahia24h.com.br\/index.php?rest_route=%2Fwp%2Fv2%2Fmedia&parent=10186"}],"wp:term":[{"taxonomy":"category","embeddable":true,"href":"https:\/\/minutobahia24h.com.br\/index.php?rest_route=%2Fwp%2Fv2%2Fcategories&post=10186"},{"taxonomy":"post_tag","embeddable":true,"href":"https:\/\/minutobahia24h.com.br\/index.php?rest_route=%2Fwp%2Fv2%2Ftags&post=10186"}],"curies":[{"name":"wp","href":"https:\/\/api.w.org\/{rel}","templated":true}]}}