{"id":10180,"date":"2024-03-28T07:42:12","date_gmt":"2024-03-28T10:42:12","guid":{"rendered":"https:\/\/minutobahia24h.com.br\/?p=10180"},"modified":"2024-03-28T07:42:13","modified_gmt":"2024-03-28T10:42:13","slug":"apos-6-anos-stf-voltara-a-discutir-alcance-do-foro-privilegiado-de-parlamentares-e-ministros","status":"publish","type":"post","link":"https:\/\/minutobahia24h.com.br\/?p=10180","title":{"rendered":"Ap\u00f3s 6 anos, STF voltar\u00e1 a discutir alcance do \u2018foro privilegiado\u2019 de parlamentares e ministros"},"content":{"rendered":"<div class=\"wp-block-image\">\n<figure class=\"aligncenter size-full\"><img data-recalc-dims=\"1\" fetchpriority=\"high\" decoding=\"async\" width=\"700\" height=\"466\" src=\"https:\/\/i0.wp.com\/minutobahia24h.com.br\/wp-content\/uploads\/2024\/03\/Sem-titulo-355.jpg?resize=700%2C466&#038;ssl=1\" alt=\"\" class=\"wp-image-10181\" srcset=\"https:\/\/i0.wp.com\/minutobahia24h.com.br\/wp-content\/uploads\/2024\/03\/Sem-titulo-355.jpg?w=700&amp;ssl=1 700w, https:\/\/i0.wp.com\/minutobahia24h.com.br\/wp-content\/uploads\/2024\/03\/Sem-titulo-355.jpg?resize=300%2C200&amp;ssl=1 300w\" sizes=\"(max-width: 700px) 100vw, 700px\" \/><figcaption class=\"wp-element-caption\"><sub>Senador Zequinha Marinho (PL-PA) \u00e9 r\u00e9u na Justi\u00e7a Federal acusado de ter exigido que funcion\u00e1rios do gabinete depositassem parte de sal\u00e1rio na conta do partido \u2014 Foto: Jane Ara\u00fajo\/Ag. Senado<\/sub><br><\/figcaption><\/figure>\n<\/div>\n\n\n<p>O ministro Gilmar Mendes, do Supremo Tribunal Federal (STF), decidiu nesta quinta-feira (27) levar para julgamento no plen\u00e1rio da Corte um caso que pode, ap\u00f3s seis anos, rediscutir a restri\u00e7\u00e3o do foro privilegiado de deputados, senadores e ministros.<\/p>\n\n\n\n<p>O STF entende, desde 2018, que as investiga\u00e7\u00f5es ficam na Corte quando envolve crimes cometidos no mandato ou em fun\u00e7\u00e3o do cargo.<\/p>\n\n\n\n<p>Ficou definido naquele ano que, de forma geral, o encerramento do mandato parlamentar por ren\u00fancia, cassa\u00e7\u00e3o, n\u00e3o reelei\u00e7\u00e3o, por exemplo, implica o envio da apura\u00e7\u00e3o para a primeira inst\u00e2ncia (<a class=\"\" href=\"https:\/\/g1.globo.com\/politica\/noticia\/2024\/03\/27\/apos-6-anos-stf-voltara-a-discutir-alcance-do-foro-privilegiado-de-parlamentares-e-ministros.ghtml#1\"><em><strong><mark>relembre aqui<\/mark><\/strong><\/em><\/a>).<\/p>\n\n\n\n<p>Gilmar Mendes afirmou que o julgamento que levou ao plen\u00e1rio pode \u201crecalibrar os contornos do foro por prerrogativa de fun\u00e7\u00e3o\u201d. O caso envolve um habeas corpus do senador Zequinha Marinho (PL-PA), que pediu para ter sua situa\u00e7\u00e3o analisada no Supremo.<\/p>\n\n\n\n<p>Ele \u00e9 r\u00e9u na Justi\u00e7a Federal do DF sob acusa\u00e7\u00e3o de que, entre 2007 e 2015, no exerc\u00edcio do cargo de deputado federal, teria exigido que servidores de seu gabinete depositassem mensalmente 5% de seus sal\u00e1rios nas contas do partido, sob pena de exonera\u00e7\u00e3o.<\/p>\n\n\n\n<p>A defesa alega que o STF \u00e9 o tribunal competente para julgar o caso porque ele ocupou sem interrup\u00e7\u00e3o fun\u00e7\u00f5es com foro, exercendo mandatos de deputado federal (2007-2011 e 2011-2015), vice-governador do Par\u00e1 (2015-2018), e senador da Rep\u00fablica, a partir de 2019.<\/p>\n\n\n\n<p>Segundo Mendes, \u201cno caso dos autos, a tese trazida a debate n\u00e3o apenas \u00e9 relevante, como tamb\u00e9m pode reconfigurar o alcance de um instituto que \u00e9 essencial para assegurar o livre exerc\u00edcio de cargos p\u00fablicos e mandatos eletivos, garantindo autonomia aos seus titulares\u201d.<\/p>\n\n\n\n<p>\u201c\u00c9 caso, portanto, de julgamento pelo plen\u00e1rio, at\u00e9 mesmo para estabilizar a interpreta\u00e7\u00e3o da Constitui\u00e7\u00e3o sobre a mat\u00e9ria\u201d, afirmou o ministro no despacho.<\/p>\n\n\n\n<p>blogdoeloiltoncajuhy<\/p>\n","protected":false},"excerpt":{"rendered":"<p>O ministro Gilmar Mendes, do Supremo Tribunal Federal (STF), decidiu nesta quinta-feira (27) levar para julgamento no plen\u00e1rio da Corte um caso que pode, ap\u00f3s seis anos, rediscutir a restri\u00e7\u00e3o do foro privilegiado de deputados, senadores e ministros. O STF entende, desde 2018, que as investiga\u00e7\u00f5es ficam na Corte quando envolve crimes cometidos no mandato [&hellip;]<\/p>\n","protected":false},"author":2,"featured_media":10181,"comment_status":"open","ping_status":"open","sticky":false,"template":"","format":"standard","meta":{"_jetpack_memberships_contains_paid_content":false,"footnotes":""},"categories":[39],"tags":[],"class_list":["post-10180","post","type-post","status-publish","format-standard","has-post-thumbnail","hentry","category-politica"],"aioseo_notices":[],"jetpack_featured_media_url":"https:\/\/i0.wp.com\/minutobahia24h.com.br\/wp-content\/uploads\/2024\/03\/Sem-titulo-355.jpg?fit=700%2C466&ssl=1","jetpack_sharing_enabled":true,"_links":{"self":[{"href":"https:\/\/minutobahia24h.com.br\/index.php?rest_route=\/wp\/v2\/posts\/10180","targetHints":{"allow":["GET"]}}],"collection":[{"href":"https:\/\/minutobahia24h.com.br\/index.php?rest_route=\/wp\/v2\/posts"}],"about":[{"href":"https:\/\/minutobahia24h.com.br\/index.php?rest_route=\/wp\/v2\/types\/post"}],"author":[{"embeddable":true,"href":"https:\/\/minutobahia24h.com.br\/index.php?rest_route=\/wp\/v2\/users\/2"}],"replies":[{"embeddable":true,"href":"https:\/\/minutobahia24h.com.br\/index.php?rest_route=%2Fwp%2Fv2%2Fcomments&post=10180"}],"version-history":[{"count":1,"href":"https:\/\/minutobahia24h.com.br\/index.php?rest_route=\/wp\/v2\/posts\/10180\/revisions"}],"predecessor-version":[{"id":10182,"href":"https:\/\/minutobahia24h.com.br\/index.php?rest_route=\/wp\/v2\/posts\/10180\/revisions\/10182"}],"wp:featuredmedia":[{"embeddable":true,"href":"https:\/\/minutobahia24h.com.br\/index.php?rest_route=\/wp\/v2\/media\/10181"}],"wp:attachment":[{"href":"https:\/\/minutobahia24h.com.br\/index.php?rest_route=%2Fwp%2Fv2%2Fmedia&parent=10180"}],"wp:term":[{"taxonomy":"category","embeddable":true,"href":"https:\/\/minutobahia24h.com.br\/index.php?rest_route=%2Fwp%2Fv2%2Fcategories&post=10180"},{"taxonomy":"post_tag","embeddable":true,"href":"https:\/\/minutobahia24h.com.br\/index.php?rest_route=%2Fwp%2Fv2%2Ftags&post=10180"}],"curies":[{"name":"wp","href":"https:\/\/api.w.org\/{rel}","templated":true}]}}