{"id":10174,"date":"2024-03-28T07:38:08","date_gmt":"2024-03-28T10:38:08","guid":{"rendered":"https:\/\/minutobahia24h.com.br\/?p=10174"},"modified":"2024-03-28T07:38:10","modified_gmt":"2024-03-28T10:38:10","slug":"professores-de-universidades-federais-da-bahia-realizam-paralisacao-proxima-quarta","status":"publish","type":"post","link":"https:\/\/minutobahia24h.com.br\/?p=10174","title":{"rendered":"Professores de universidades federais da Bahia realizam paralisa\u00e7\u00e3o pr\u00f3xima quarta"},"content":{"rendered":"<div class=\"wp-block-image\">\n<figure class=\"aligncenter size-full\"><img data-recalc-dims=\"1\" fetchpriority=\"high\" decoding=\"async\" width=\"599\" height=\"396\" src=\"https:\/\/i0.wp.com\/minutobahia24h.com.br\/wp-content\/uploads\/2024\/03\/Sem-titulo-353.jpg?resize=599%2C396&#038;ssl=1\" alt=\"\" class=\"wp-image-10175\" srcset=\"https:\/\/i0.wp.com\/minutobahia24h.com.br\/wp-content\/uploads\/2024\/03\/Sem-titulo-353.jpg?w=599&amp;ssl=1 599w, https:\/\/i0.wp.com\/minutobahia24h.com.br\/wp-content\/uploads\/2024\/03\/Sem-titulo-353.jpg?resize=300%2C198&amp;ssl=1 300w\" sizes=\"(max-width: 599px) 100vw, 599px\" \/><\/figure>\n<\/div>\n\n\n<p id=\"paragrafo-upvvm4lo89\">Est\u00e1 prevista para a pr\u00f3xima quarta-feira (3) a&nbsp;pr\u00f3xima paralisa\u00e7\u00e3o do professores de universidades federais da Bahia, associados ao Sindicato dos Professores das Institui\u00e7\u00f5es Federais do Ensino Superior da Bahia (Apub). Na ocasi\u00e3o, os docentes da Universidade Federal da Bahia (Ufba) ir\u00e3o realizar uma manifesta\u00e7\u00e3o na Pra\u00e7a da Piedade, em frente \u00e0 Escola de Economia da Ufba a partir das 9h30.<\/p>\n\n\n\n<p id=\"paragrafo-av1088s40p\">A paralisa\u00e7\u00e3o foi decidida na \u00faltima Assembleia Geral da categoria no dia 12 de mar\u00e7o. Os docentes definiram uma agenda de manifesta\u00e7\u00f5es para mar\u00e7o, abril e maio de 2024, em virtude do \u201cestado permanente de mobiliza\u00e7\u00e3o\u201d. Segundo o sindicato, em maio, uma nova assembleia ser\u00e1 realizada para&nbsp;avaliar a mobiliza\u00e7\u00e3o local e nacional, bem como os resultados das mesas de negocia\u00e7\u00e3o com o Governo Federal.<\/p>\n\n\n\n<p id=\"paragrafo-c9689yuqio\">A categoria reivindica a&nbsp;recomposi\u00e7\u00e3o dos cortes do or\u00e7amento das Institui\u00e7\u00f5es Federais de Ensino Superior (IFES) e uma nova proposta de reajuste salarial (visto que o ajuste de&nbsp;0% pelo governo em 2024 e 9% para 2025 e 2026 foi rejeitado pela categoria).<\/p>\n\n\n\n<h2 class=\"wp-block-heading\" id=\"intertitulo-mek9n99oma\">Possibilidade de greve<\/h2>\n\n\n\n<p id=\"paragrafo-vnu1maxfby\">Na \u00faltima sexta-feira (22), o Sindicato Nacional dos Docentes das Institui\u00e7\u00f5es de Ensino Superior (Andes-SN) afirmou que o setor da Ifes do sindicato havia aprovado o indicativo de greve dos docentes das universidades federais, institutos federais e cefets para o dia 15 de abril.<\/p>\n\n\n\n<p id=\"paragrafo-6uxv3en7bz\">A Apub, no entanto, esclareceu que n\u00e3o \u00e9 representada pelo&nbsp;Andes-SN e que os indicativos da institui\u00e7\u00e3o n\u00e3o se aplicam aos professores de universidades federais na Bahia como a Ufba, a&nbsp;Universidade Federal do Oeste da Bahia (Ufob) e a Universidade da Integra\u00e7\u00e3o Internacional da Lusofonia Afro-Brasileira (Unilab) Campus Mal\u00eas.<\/p>\n\n\n\n<p id=\"paragrafo-peii9docom\">&nbsp;\u201c\u00c9 importante reafirmar que a Apub \u00e9 um sindicato aut\u00f4nomo, filiado a uma federa\u00e7\u00e3o, o PROIFES,&nbsp;e \u00e0 CUT. N\u00f3s n\u00e3o somos filiados ao ANDES, sindicato interestadual que n\u00e3o representa todas as Universidades e Institutos Federais do territ\u00f3rio nacional\u201d, afirma.<\/p>\n","protected":false},"excerpt":{"rendered":"<p>Est\u00e1 prevista para a pr\u00f3xima quarta-feira (3) a&nbsp;pr\u00f3xima paralisa\u00e7\u00e3o do professores de universidades federais da Bahia, associados ao Sindicato dos Professores das Institui\u00e7\u00f5es Federais do Ensino Superior da Bahia (Apub). Na ocasi\u00e3o, os docentes da Universidade Federal da Bahia (Ufba) ir\u00e3o realizar uma manifesta\u00e7\u00e3o na Pra\u00e7a da Piedade, em frente \u00e0 Escola de Economia da [&hellip;]<\/p>\n","protected":false},"author":2,"featured_media":10175,"comment_status":"open","ping_status":"open","sticky":false,"template":"","format":"standard","meta":{"_jetpack_memberships_contains_paid_content":false,"footnotes":""},"categories":[46],"tags":[],"class_list":["post-10174","post","type-post","status-publish","format-standard","has-post-thumbnail","hentry","category-noticia"],"aioseo_notices":[],"jetpack_featured_media_url":"https:\/\/i0.wp.com\/minutobahia24h.com.br\/wp-content\/uploads\/2024\/03\/Sem-titulo-353.jpg?fit=599%2C396&ssl=1","jetpack_sharing_enabled":true,"_links":{"self":[{"href":"https:\/\/minutobahia24h.com.br\/index.php?rest_route=\/wp\/v2\/posts\/10174","targetHints":{"allow":["GET"]}}],"collection":[{"href":"https:\/\/minutobahia24h.com.br\/index.php?rest_route=\/wp\/v2\/posts"}],"about":[{"href":"https:\/\/minutobahia24h.com.br\/index.php?rest_route=\/wp\/v2\/types\/post"}],"author":[{"embeddable":true,"href":"https:\/\/minutobahia24h.com.br\/index.php?rest_route=\/wp\/v2\/users\/2"}],"replies":[{"embeddable":true,"href":"https:\/\/minutobahia24h.com.br\/index.php?rest_route=%2Fwp%2Fv2%2Fcomments&post=10174"}],"version-history":[{"count":1,"href":"https:\/\/minutobahia24h.com.br\/index.php?rest_route=\/wp\/v2\/posts\/10174\/revisions"}],"predecessor-version":[{"id":10176,"href":"https:\/\/minutobahia24h.com.br\/index.php?rest_route=\/wp\/v2\/posts\/10174\/revisions\/10176"}],"wp:featuredmedia":[{"embeddable":true,"href":"https:\/\/minutobahia24h.com.br\/index.php?rest_route=\/wp\/v2\/media\/10175"}],"wp:attachment":[{"href":"https:\/\/minutobahia24h.com.br\/index.php?rest_route=%2Fwp%2Fv2%2Fmedia&parent=10174"}],"wp:term":[{"taxonomy":"category","embeddable":true,"href":"https:\/\/minutobahia24h.com.br\/index.php?rest_route=%2Fwp%2Fv2%2Fcategories&post=10174"},{"taxonomy":"post_tag","embeddable":true,"href":"https:\/\/minutobahia24h.com.br\/index.php?rest_route=%2Fwp%2Fv2%2Ftags&post=10174"}],"curies":[{"name":"wp","href":"https:\/\/api.w.org\/{rel}","templated":true}]}}