{"id":10151,"date":"2024-03-28T06:43:19","date_gmt":"2024-03-28T09:43:19","guid":{"rendered":"https:\/\/minutobahia24h.com.br\/?p=10151"},"modified":"2024-03-28T06:43:21","modified_gmt":"2024-03-28T09:43:21","slug":"ponto-novo-naldinho-cabelereiro-lanca-pre-candidatura-a-vereador-nas-eleicoes-de-2024","status":"publish","type":"post","link":"https:\/\/minutobahia24h.com.br\/?p=10151","title":{"rendered":"Ponto Novo: Naldinho Cabelereiro lan\u00e7a pr\u00e9-candidatura a vereador nas Elei\u00e7\u00f5es de 2024"},"content":{"rendered":"\n<h4 class=\"wp-block-heading\"><\/h4>\n\n\n<div class=\"wp-block-image\">\n<figure class=\"aligncenter size-full\"><img data-recalc-dims=\"1\" fetchpriority=\"high\" decoding=\"async\" width=\"410\" height=\"394\" src=\"https:\/\/i0.wp.com\/minutobahia24h.com.br\/wp-content\/uploads\/2024\/03\/Sem-titulo-347.jpg?resize=410%2C394&#038;ssl=1\" alt=\"\" class=\"wp-image-10152\" srcset=\"https:\/\/i0.wp.com\/minutobahia24h.com.br\/wp-content\/uploads\/2024\/03\/Sem-titulo-347.jpg?w=410&amp;ssl=1 410w, https:\/\/i0.wp.com\/minutobahia24h.com.br\/wp-content\/uploads\/2024\/03\/Sem-titulo-347.jpg?resize=300%2C288&amp;ssl=1 300w\" sizes=\"(max-width: 410px) 100vw, 410px\" \/><\/figure>\n<\/div>\n\n\n<p><\/p>\n\n\n\n<p>Naldinho \u00a0Cabelereiro anunciou oficialmente sua pr\u00e9-candidatura a vereador pelo grupo do prefeito Thiago Gilleno. Ele havia sido candidato em 2016. Ao lan\u00e7ar sua pr\u00e9-candidatura, Naldinho reafirmou estar mais preparo e seu compromisso com a responsabilidade na gest\u00e3o p\u00fablica, valores essenciais para promover o desenvolvimento e o bem-estar coletivo.<\/p>\n\n\n\n<p>Da reda\u00e7\u00e3o: redacaoagenciadc@gmail.com<\/p>\n","protected":false},"excerpt":{"rendered":"<p>Naldinho \u00a0Cabelereiro anunciou oficialmente sua pr\u00e9-candidatura a vereador pelo grupo do prefeito Thiago Gilleno. Ele havia sido candidato em 2016. Ao lan\u00e7ar sua pr\u00e9-candidatura, Naldinho reafirmou estar mais preparo e seu compromisso com a responsabilidade na gest\u00e3o p\u00fablica, valores essenciais para promover o desenvolvimento e o bem-estar coletivo. Da reda\u00e7\u00e3o: redacaoagenciadc@gmail.com<\/p>\n","protected":false},"author":2,"featured_media":10152,"comment_status":"open","ping_status":"open","sticky":false,"template":"","format":"standard","meta":{"_jetpack_memberships_contains_paid_content":false,"footnotes":""},"categories":[35],"tags":[],"class_list":["post-10151","post","type-post","status-publish","format-standard","has-post-thumbnail","hentry","category-ponto-novo"],"aioseo_notices":[],"jetpack_featured_media_url":"https:\/\/i0.wp.com\/minutobahia24h.com.br\/wp-content\/uploads\/2024\/03\/Sem-titulo-347.jpg?fit=410%2C394&ssl=1","jetpack_sharing_enabled":true,"_links":{"self":[{"href":"https:\/\/minutobahia24h.com.br\/index.php?rest_route=\/wp\/v2\/posts\/10151","targetHints":{"allow":["GET"]}}],"collection":[{"href":"https:\/\/minutobahia24h.com.br\/index.php?rest_route=\/wp\/v2\/posts"}],"about":[{"href":"https:\/\/minutobahia24h.com.br\/index.php?rest_route=\/wp\/v2\/types\/post"}],"author":[{"embeddable":true,"href":"https:\/\/minutobahia24h.com.br\/index.php?rest_route=\/wp\/v2\/users\/2"}],"replies":[{"embeddable":true,"href":"https:\/\/minutobahia24h.com.br\/index.php?rest_route=%2Fwp%2Fv2%2Fcomments&post=10151"}],"version-history":[{"count":1,"href":"https:\/\/minutobahia24h.com.br\/index.php?rest_route=\/wp\/v2\/posts\/10151\/revisions"}],"predecessor-version":[{"id":10153,"href":"https:\/\/minutobahia24h.com.br\/index.php?rest_route=\/wp\/v2\/posts\/10151\/revisions\/10153"}],"wp:featuredmedia":[{"embeddable":true,"href":"https:\/\/minutobahia24h.com.br\/index.php?rest_route=\/wp\/v2\/media\/10152"}],"wp:attachment":[{"href":"https:\/\/minutobahia24h.com.br\/index.php?rest_route=%2Fwp%2Fv2%2Fmedia&parent=10151"}],"wp:term":[{"taxonomy":"category","embeddable":true,"href":"https:\/\/minutobahia24h.com.br\/index.php?rest_route=%2Fwp%2Fv2%2Fcategories&post=10151"},{"taxonomy":"post_tag","embeddable":true,"href":"https:\/\/minutobahia24h.com.br\/index.php?rest_route=%2Fwp%2Fv2%2Ftags&post=10151"}],"curies":[{"name":"wp","href":"https:\/\/api.w.org\/{rel}","templated":true}]}}