{"id":10135,"date":"2024-03-27T07:43:37","date_gmt":"2024-03-27T10:43:37","guid":{"rendered":"https:\/\/minutobahia24h.com.br\/?p=10135"},"modified":"2024-03-27T07:43:38","modified_gmt":"2024-03-27T10:43:38","slug":"pl-teme-que-moraes-tenha-estipulado-data-para-prender-bolsonaro","status":"publish","type":"post","link":"https:\/\/minutobahia24h.com.br\/?p=10135","title":{"rendered":"PL teme que Moraes tenha estipulado data para prender Bolsonaro"},"content":{"rendered":"<div class=\"wp-block-image\">\n<figure class=\"aligncenter size-full\"><img data-recalc-dims=\"1\" fetchpriority=\"high\" decoding=\"async\" width=\"596\" height=\"420\" src=\"https:\/\/i0.wp.com\/minutobahia24h.com.br\/wp-content\/uploads\/2024\/03\/Sem-titulo-343.jpg?resize=596%2C420&#038;ssl=1\" alt=\"\" class=\"wp-image-10136\" srcset=\"https:\/\/i0.wp.com\/minutobahia24h.com.br\/wp-content\/uploads\/2024\/03\/Sem-titulo-343.jpg?w=596&amp;ssl=1 596w, https:\/\/i0.wp.com\/minutobahia24h.com.br\/wp-content\/uploads\/2024\/03\/Sem-titulo-343.jpg?resize=300%2C211&amp;ssl=1 300w, https:\/\/i0.wp.com\/minutobahia24h.com.br\/wp-content\/uploads\/2024\/03\/Sem-titulo-343.jpg?resize=120%2C86&amp;ssl=1 120w\" sizes=\"(max-width: 596px) 100vw, 596px\" \/><figcaption class=\"wp-element-caption\">Foto: Ant\u00f4nio Augusto\/Secom TSE<br><\/figcaption><\/figure>\n<\/div>\n\n\n<p>Aliados de primeira hora do ex-presidente Jair Bolsonaro no Partido Liberal (PL) acreditam que o ministro do Supremo Tribunal Federal (STF) Alexandre de Moraes trabalha com um prazo para colher provas e prender o ex-presidente: julho deste ano.<\/p>\n\n\n\n<p>Figuras importantes do partido, conforme o Metr\u00f3poles, acreditam que, se o ministro tomar uma medida mais en\u00e9rgica contra o ex-presidente, como a determina\u00e7\u00e3o de uma pris\u00e3o preventiva, far\u00e1 isso antes do in\u00edcio da propaganda eleitoral, que se inicia em agosto. Em 2024, estar\u00e3o em jogo o comando de prefeituras e assentos nas c\u00e2maras municipais.<\/p>\n\n\n\n<p>A avalia\u00e7\u00e3o \u00e9 que, se Bolsonaro estiver solto at\u00e9 agosto, n\u00e3o haver\u00e1 movimenta\u00e7\u00f5es agudas da Pol\u00edcia Federal (PF) at\u00e9 o encerramento das elei\u00e7\u00f5es, no final de outubro. Isso porque uma determina\u00e7\u00e3o de Moraes, durante o pleito, poderia ser interpretada como persegui\u00e7\u00e3o pol\u00edtica e turbinar a candidatura de pol\u00edticos do PL.<\/p>\n\n\n\n<p>Pela \u00f3tica de deputados pr\u00f3ximos ao ex-presidente, Moraes atua para n\u00e3o permitir que Bolsonaro, j\u00e1 ineleg\u00edvel por determina\u00e7\u00e3o da Justi\u00e7a Eleitoral, desempenhe o papel de cabo eleitoral este ano. Tal efeito, avaliam, seria devastador para as pretens\u00f5es do Partido Liberal.<\/p>\n\n\n\n<p>J\u00e1 no STF, Alexandre de Moraes tem dito que n\u00e3o se deixar\u00e1 levar por fatores externos ao nortear suas decis\u00f5es. Nesta segunda-feira (25), a revela\u00e7\u00e3o de que Bolsonaro esteve na Embaixada da Hungria acendeu o alerta da Pol\u00edcia Federal. Contudo, segundo fontes da PF, as imagens de Bolsonaro na embaixada, por si s\u00f3, s\u00e3o insuficientes para formalizar um pedido de pris\u00e3o preventiva.<\/p>\n\n\n\n<p>Moraes s\u00f3 determinar\u00e1 o encarceramento do ex-presidente, antes do julgamento pela Corte, caso consiga comprovar o risco de fuga ou de que Bolsonaro tem atrapalhado as investiga\u00e7\u00f5es.<\/p>\n\n\n\n<p>Fator Trump<\/p>\n\n\n\n<p>Aliados de Bolsonaro acreditam que uma poss\u00edvel vit\u00f3ria de Donald Trump na elei\u00e7\u00e3o \u00e0 presid\u00eancia dos Estados Unidos, em novembro deste ano, enfraqueceria as chances de cadeia.<\/p>\n\n\n\n<p>Segundo parlamentares do PL, a eventual pris\u00e3o de Bolsonaro ficaria \u201cmais dif\u00edcil\u201d com um ultra-aliado na presid\u00eancia da maior pot\u00eancia mundial. Por essa \u00f3tica, o \u201cfator Trump\u201d tamb\u00e9m aceleraria o rumo das investiga\u00e7\u00f5es envolvendo Bolsonaro.<\/p>\n\n\n\n<p>At\u00e9 o momento, os principais institutos de pesquisa norte-americanos apontam empate t\u00e9cnico entre Trump e o presidente dos Estados Unidos, Joe Biden.<\/p>\n\n\n\n<p>Bahia.ba<\/p>\n","protected":false},"excerpt":{"rendered":"<p>Aliados de primeira hora do ex-presidente Jair Bolsonaro no Partido Liberal (PL) acreditam que o ministro do Supremo Tribunal Federal (STF) Alexandre de Moraes trabalha com um prazo para colher provas e prender o ex-presidente: julho deste ano. Figuras importantes do partido, conforme o Metr\u00f3poles, acreditam que, se o ministro tomar uma medida mais en\u00e9rgica [&hellip;]<\/p>\n","protected":false},"author":2,"featured_media":10136,"comment_status":"open","ping_status":"open","sticky":false,"template":"","format":"standard","meta":{"_jetpack_memberships_contains_paid_content":false,"footnotes":""},"categories":[39],"tags":[],"class_list":["post-10135","post","type-post","status-publish","format-standard","has-post-thumbnail","hentry","category-politica"],"aioseo_notices":[],"jetpack_featured_media_url":"https:\/\/i0.wp.com\/minutobahia24h.com.br\/wp-content\/uploads\/2024\/03\/Sem-titulo-343.jpg?fit=596%2C420&ssl=1","jetpack_sharing_enabled":true,"_links":{"self":[{"href":"https:\/\/minutobahia24h.com.br\/index.php?rest_route=\/wp\/v2\/posts\/10135","targetHints":{"allow":["GET"]}}],"collection":[{"href":"https:\/\/minutobahia24h.com.br\/index.php?rest_route=\/wp\/v2\/posts"}],"about":[{"href":"https:\/\/minutobahia24h.com.br\/index.php?rest_route=\/wp\/v2\/types\/post"}],"author":[{"embeddable":true,"href":"https:\/\/minutobahia24h.com.br\/index.php?rest_route=\/wp\/v2\/users\/2"}],"replies":[{"embeddable":true,"href":"https:\/\/minutobahia24h.com.br\/index.php?rest_route=%2Fwp%2Fv2%2Fcomments&post=10135"}],"version-history":[{"count":1,"href":"https:\/\/minutobahia24h.com.br\/index.php?rest_route=\/wp\/v2\/posts\/10135\/revisions"}],"predecessor-version":[{"id":10137,"href":"https:\/\/minutobahia24h.com.br\/index.php?rest_route=\/wp\/v2\/posts\/10135\/revisions\/10137"}],"wp:featuredmedia":[{"embeddable":true,"href":"https:\/\/minutobahia24h.com.br\/index.php?rest_route=\/wp\/v2\/media\/10136"}],"wp:attachment":[{"href":"https:\/\/minutobahia24h.com.br\/index.php?rest_route=%2Fwp%2Fv2%2Fmedia&parent=10135"}],"wp:term":[{"taxonomy":"category","embeddable":true,"href":"https:\/\/minutobahia24h.com.br\/index.php?rest_route=%2Fwp%2Fv2%2Fcategories&post=10135"},{"taxonomy":"post_tag","embeddable":true,"href":"https:\/\/minutobahia24h.com.br\/index.php?rest_route=%2Fwp%2Fv2%2Ftags&post=10135"}],"curies":[{"name":"wp","href":"https:\/\/api.w.org\/{rel}","templated":true}]}}