{"id":10122,"date":"2024-03-27T07:27:21","date_gmt":"2024-03-27T10:27:21","guid":{"rendered":"https:\/\/minutobahia24h.com.br\/?p=10122"},"modified":"2024-03-27T07:27:23","modified_gmt":"2024-03-27T10:27:23","slug":"ultima-campanha-de-vacinacao-contra-febre-aftosa-e-antecipada-para-abril","status":"publish","type":"post","link":"https:\/\/minutobahia24h.com.br\/?p=10122","title":{"rendered":"\u00daltima campanha de vacina\u00e7\u00e3o contra Febre Aftosa \u00e9 antecipada para abril"},"content":{"rendered":"<div class=\"wp-block-image\">\n<figure class=\"aligncenter size-full\"><img data-recalc-dims=\"1\" fetchpriority=\"high\" decoding=\"async\" width=\"600\" height=\"420\" src=\"https:\/\/i0.wp.com\/minutobahia24h.com.br\/wp-content\/uploads\/2024\/03\/Sem-titulo-338.jpg?resize=600%2C420&#038;ssl=1\" alt=\"\" class=\"wp-image-10123\" srcset=\"https:\/\/i0.wp.com\/minutobahia24h.com.br\/wp-content\/uploads\/2024\/03\/Sem-titulo-338.jpg?w=600&amp;ssl=1 600w, https:\/\/i0.wp.com\/minutobahia24h.com.br\/wp-content\/uploads\/2024\/03\/Sem-titulo-338.jpg?resize=300%2C210&amp;ssl=1 300w\" sizes=\"(max-width: 600px) 100vw, 600px\" \/><\/figure>\n<\/div>\n\n\n<p>A \u00faltima Campanha de Vacina\u00e7\u00e3o contra a Febre Aftosa na Bahia foi antecipada e, agora, ir\u00e1 ocorrer de 1\u00ba a 30 de abril. A etapa computa o fim de 146 ciclos de imuniza\u00e7\u00e3o dos rebanhos bovino e bubalino. O estado ocupa a 7\u00aa coloca\u00e7\u00e3o no ranking nacional. Com a vacina\u00e7\u00e3o, \u00e9 estimado que cerca de 13 milh\u00f5es de cabe\u00e7as tenham sido imunizadas. Na \u00faltima etapa, a expectativa\u00a0da Ag\u00eancia de Defesa Agropecu\u00e1ria da Bahia (Adab) \u00e9 de vacinar 100% dos rebanhos bovino e bubalino.\u00a0<\/p>\n\n\n\n<p>Os produtores ter\u00e3o at\u00e9 17 de Maio para declarar a vacina\u00e7\u00e3o e informar a localiza\u00e7\u00e3o das propriedades. Os dados podem ser informados atrav\u00e9s do site ou nos escrit\u00f3rios da Adab.&nbsp;<\/p>\n\n\n\n<p>Equipes da Adab est\u00e3o realizando vigil\u00e2ncia sorol\u00f3gica para registrar a aus\u00eancia do v\u00edrus da Febre Aftosa na Bahia. A a\u00e7\u00e3o comp\u00f5e o Plano de Vigil\u00e2ncia do Programa Nacional de Vigil\u00e2ncia para a Febre Aftosa (PNEFA), que possui como objetivo comprovar que o estado tem condi\u00e7\u00f5es para obter a Certifica\u00e7\u00e3o Internacional de Zona Livre de Febre Aftosa Sem Vacina\u00e7\u00e3o.<\/p>\n\n\n\n<p>O Plano est\u00e1 alinhado com o C\u00f3digo Sanit\u00e1rio para os Animais Terrestres da Organiza\u00e7\u00e3o Mundial de Sa\u00fade Animal (OMSA) e com as diretrizes do Programa Hemisf\u00e9rico de Erradica\u00e7\u00e3o da Febre Aftosa (PHEFA).&nbsp;<\/p>\n","protected":false},"excerpt":{"rendered":"<p>A \u00faltima Campanha de Vacina\u00e7\u00e3o contra a Febre Aftosa na Bahia foi antecipada e, agora, ir\u00e1 ocorrer de 1\u00ba a 30 de abril. A etapa computa o fim de 146 ciclos de imuniza\u00e7\u00e3o dos rebanhos bovino e bubalino. O estado ocupa a 7\u00aa coloca\u00e7\u00e3o no ranking nacional. Com a vacina\u00e7\u00e3o, \u00e9 estimado que cerca de [&hellip;]<\/p>\n","protected":false},"author":2,"featured_media":10123,"comment_status":"open","ping_status":"open","sticky":false,"template":"","format":"standard","meta":{"_jetpack_memberships_contains_paid_content":false,"footnotes":""},"categories":[46],"tags":[],"class_list":["post-10122","post","type-post","status-publish","format-standard","has-post-thumbnail","hentry","category-noticia"],"aioseo_notices":[],"jetpack_featured_media_url":"https:\/\/i0.wp.com\/minutobahia24h.com.br\/wp-content\/uploads\/2024\/03\/Sem-titulo-338.jpg?fit=600%2C420&ssl=1","jetpack_sharing_enabled":true,"_links":{"self":[{"href":"https:\/\/minutobahia24h.com.br\/index.php?rest_route=\/wp\/v2\/posts\/10122","targetHints":{"allow":["GET"]}}],"collection":[{"href":"https:\/\/minutobahia24h.com.br\/index.php?rest_route=\/wp\/v2\/posts"}],"about":[{"href":"https:\/\/minutobahia24h.com.br\/index.php?rest_route=\/wp\/v2\/types\/post"}],"author":[{"embeddable":true,"href":"https:\/\/minutobahia24h.com.br\/index.php?rest_route=\/wp\/v2\/users\/2"}],"replies":[{"embeddable":true,"href":"https:\/\/minutobahia24h.com.br\/index.php?rest_route=%2Fwp%2Fv2%2Fcomments&post=10122"}],"version-history":[{"count":1,"href":"https:\/\/minutobahia24h.com.br\/index.php?rest_route=\/wp\/v2\/posts\/10122\/revisions"}],"predecessor-version":[{"id":10124,"href":"https:\/\/minutobahia24h.com.br\/index.php?rest_route=\/wp\/v2\/posts\/10122\/revisions\/10124"}],"wp:featuredmedia":[{"embeddable":true,"href":"https:\/\/minutobahia24h.com.br\/index.php?rest_route=\/wp\/v2\/media\/10123"}],"wp:attachment":[{"href":"https:\/\/minutobahia24h.com.br\/index.php?rest_route=%2Fwp%2Fv2%2Fmedia&parent=10122"}],"wp:term":[{"taxonomy":"category","embeddable":true,"href":"https:\/\/minutobahia24h.com.br\/index.php?rest_route=%2Fwp%2Fv2%2Fcategories&post=10122"},{"taxonomy":"post_tag","embeddable":true,"href":"https:\/\/minutobahia24h.com.br\/index.php?rest_route=%2Fwp%2Fv2%2Ftags&post=10122"}],"curies":[{"name":"wp","href":"https:\/\/api.w.org\/{rel}","templated":true}]}}