{"id":10119,"date":"2024-03-27T07:25:44","date_gmt":"2024-03-27T10:25:44","guid":{"rendered":"https:\/\/minutobahia24h.com.br\/?p=10119"},"modified":"2024-03-27T07:25:45","modified_gmt":"2024-03-27T10:25:45","slug":"pec-da-reeleicao-expoe-fissuras-dentro-do-psd-baiano","status":"publish","type":"post","link":"https:\/\/minutobahia24h.com.br\/?p=10119","title":{"rendered":"PEC da Reelei\u00e7\u00e3o exp\u00f5e fissuras dentro do PSD baiano"},"content":{"rendered":"<div class=\"wp-block-image\">\n<figure class=\"aligncenter size-full\"><img data-recalc-dims=\"1\" fetchpriority=\"high\" decoding=\"async\" width=\"599\" height=\"399\" src=\"https:\/\/i0.wp.com\/minutobahia24h.com.br\/wp-content\/uploads\/2024\/03\/Sem-titulo-337.jpg?resize=599%2C399&#038;ssl=1\" alt=\"\" class=\"wp-image-10120\" srcset=\"https:\/\/i0.wp.com\/minutobahia24h.com.br\/wp-content\/uploads\/2024\/03\/Sem-titulo-337.jpg?w=599&amp;ssl=1 599w, https:\/\/i0.wp.com\/minutobahia24h.com.br\/wp-content\/uploads\/2024\/03\/Sem-titulo-337.jpg?resize=300%2C200&amp;ssl=1 300w\" sizes=\"(max-width: 599px) 100vw, 599px\" \/><\/figure>\n<\/div>\n\n\n<p id=\"paragrafo-k74s5q2ijd\">A Proposta de Emenda \u00e0 Constitui\u00e7\u00e3o (PEC) da Reelei\u00e7\u00e3o, que permite o presidente da Assembleia Legislativa da Bahia (Alba) a ter v\u00e1rios mandatos consecutivos, mostrou a for\u00e7a pol\u00edtica do atual comandante da Casa, Adolfo Menezes (PSD), mas tamb\u00e9m exp\u00f4s um racha que h\u00e1 hoje dentro do PSD baiano.<\/p>\n\n\n\n<p id=\"paragrafo-n64evuht57\">Junto com o PT, o PSD tem a segunda maior bancada da Alba com nove deputados, cada um. No entanto, nem todos os nove foram favor\u00e1veis \u00e0 PEC, que pavimenta o caminho para um terceiro mandato de Adolfo Menezes como presidente da Assembleia. A deputada estadual Ivana Bastos, que foi a parlamentar mais votada para o Legislativo baiano na elei\u00e7\u00e3o de 2022, sequer participou da vota\u00e7\u00e3o. Ela \u00e9 contra a proposta porque deseja presidir a Alba a partir do pr\u00f3ximo ano.<\/p>\n\n\n\n<p id=\"paragrafo-bgtb9x0l7j\">J\u00e1 o deputado estadual Eduardo Alencar marcou presen\u00e7a na sess\u00e3o, mas n\u00e3o votou no projeto. Adolfo reagiu com ironia em rela\u00e7\u00e3o \u00e0 postura do colega de partido. \u201cDeputado Eduardo Alencar n\u00e3o est\u00e1 n\u00e3o est\u00e1 na Casa. Por favor, d\u00ea uma caixinha de len\u00e7o ao deputado Eduardo Alencar\u201d, afirmou o presidente da Alba.<\/p>\n\n\n\n<p id=\"paragrafo-r58h8yqloz\">Eduardo Alencar \u00e9 irm\u00e3o do presidente do PSD na Bahia, o senador Otto Alencar, que se posicionou publicamente contra a PEC da Reelei\u00e7\u00e3o. Al\u00e9m disso, o senador expressou publicamente apoio \u00e0 candidatura de Ivana Bastos. No final do ano passado, ele disse que havia \u201ccompromisso de todos os deputados e deputadas de indicar\u201d a deputada estadual para ser a pr\u00f3xima presidente da Alba.<\/p>\n\n\n\n<h2 class=\"wp-block-heading\" id=\"intertitulo-5sclp05763\">Panos quentes<\/h2>\n\n\n\n<p id=\"paragrafo-tz9rphbjys\">Ao CORREIO, Adolfo Menezes justificou a aus\u00eancia dos colegas. Disse que Ivana Bastos argumentou a ele que tinha uma viagem no mesmo dia da aprecia\u00e7\u00e3o da mat\u00e9ria. Sobre Eduardo Alencar, o presidente da Alba disse que o colega se atrapalhou. \u201cEle pensou que j\u00e1 tinha votado. \u00c0s vezes, o cara fica no celular, n\u00e9\u2026 Sem problema nenhum\u201d, acrescentou.<\/p>\n\n\n\n<p id=\"paragrafo-138ac6obe6\">Adolfo Menezes negou ainda que Otto Alencar e o governador da Bahia, Jer\u00f4nimo Rodrigues (PT), sejam contr\u00e1rios \u00e0 reelei\u00e7\u00e3o dele. \u201cSe houvesse veto a meu nome, ele (Jer\u00f4nimo Rodrigues) mandava todo mundo sair. Se Otto \u00e9 o l\u00edder e quisesse, ningu\u00e9m estava (na vota\u00e7\u00e3o). Tinha sa\u00eddo\u201d, declarou.<\/p>\n\n\n\n<p id=\"paragrafo-gcjv6v7zsn\">Jer\u00f4nimo Rodrigues se manifestou publicamente contra a PEC. Disse que a proposta era \u201cpreocupante\u201d porque impedia a renova\u00e7\u00e3o na Alba. \u201cA minha posi\u00e7\u00e3o, enquanto militante da pol\u00edtica, \u00e9 que eu defendo que a gente tenha que renovar. \u00c9 fundamental que quem senta naquela cadeira de presidente da Assembleia compreenda que \u00e9 importante fazer a renova\u00e7\u00e3o. Respeitaria o que vier da Assembleia, mas me mantenho dessa forma\u201d, emendou.<\/p>\n\n\n\n<p id=\"paragrafo-oi4qkwon9c\">Adolfo Menezes classificou a fala do governador como \u201cnormal\u201d. Disse ainda que, por ter outros nomes na base como desejo de presidir a Alba, o petista n\u00e3o pode contra os aliados. Al\u00e9m de Ivana Bastos, o deputado estadual Rosemberg Pinto (PT) tamb\u00e9m sinaliza, nos bastidores, o desejo de ser o pr\u00f3ximo chefe do Legislativo baiano.<\/p>\n\n\n\n<h2 class=\"wp-block-heading\" id=\"intertitulo-qfva4qs463\">Elei\u00e7\u00f5es<\/h2>\n\n\n\n<p id=\"paragrafo-jm5spjiw9g\">Perguntado se a sua reelei\u00e7\u00e3o como presidente da Alba em fevereiro de 2025 o fortalece para eventualmente estar na chapa governista na elei\u00e7\u00e3o 2026, Adolfo Menezes garantiu que \u201cn\u00e3o pensa nisso\u201d. \u201cMas tem tanta gente na fila\u201d, falou.<\/p>\n","protected":false},"excerpt":{"rendered":"<p>A Proposta de Emenda \u00e0 Constitui\u00e7\u00e3o (PEC) da Reelei\u00e7\u00e3o, que permite o presidente da Assembleia Legislativa da Bahia (Alba) a ter v\u00e1rios mandatos consecutivos, mostrou a for\u00e7a pol\u00edtica do atual comandante da Casa, Adolfo Menezes (PSD), mas tamb\u00e9m exp\u00f4s um racha que h\u00e1 hoje dentro do PSD baiano. Junto com o PT, o PSD tem [&hellip;]<\/p>\n","protected":false},"author":2,"featured_media":10120,"comment_status":"open","ping_status":"open","sticky":false,"template":"","format":"standard","meta":{"_jetpack_memberships_contains_paid_content":false,"footnotes":""},"categories":[21],"tags":[],"class_list":["post-10119","post","type-post","status-publish","format-standard","has-post-thumbnail","hentry","category-bahia"],"aioseo_notices":[],"jetpack_featured_media_url":"https:\/\/i0.wp.com\/minutobahia24h.com.br\/wp-content\/uploads\/2024\/03\/Sem-titulo-337.jpg?fit=599%2C399&ssl=1","jetpack_sharing_enabled":true,"_links":{"self":[{"href":"https:\/\/minutobahia24h.com.br\/index.php?rest_route=\/wp\/v2\/posts\/10119","targetHints":{"allow":["GET"]}}],"collection":[{"href":"https:\/\/minutobahia24h.com.br\/index.php?rest_route=\/wp\/v2\/posts"}],"about":[{"href":"https:\/\/minutobahia24h.com.br\/index.php?rest_route=\/wp\/v2\/types\/post"}],"author":[{"embeddable":true,"href":"https:\/\/minutobahia24h.com.br\/index.php?rest_route=\/wp\/v2\/users\/2"}],"replies":[{"embeddable":true,"href":"https:\/\/minutobahia24h.com.br\/index.php?rest_route=%2Fwp%2Fv2%2Fcomments&post=10119"}],"version-history":[{"count":1,"href":"https:\/\/minutobahia24h.com.br\/index.php?rest_route=\/wp\/v2\/posts\/10119\/revisions"}],"predecessor-version":[{"id":10121,"href":"https:\/\/minutobahia24h.com.br\/index.php?rest_route=\/wp\/v2\/posts\/10119\/revisions\/10121"}],"wp:featuredmedia":[{"embeddable":true,"href":"https:\/\/minutobahia24h.com.br\/index.php?rest_route=\/wp\/v2\/media\/10120"}],"wp:attachment":[{"href":"https:\/\/minutobahia24h.com.br\/index.php?rest_route=%2Fwp%2Fv2%2Fmedia&parent=10119"}],"wp:term":[{"taxonomy":"category","embeddable":true,"href":"https:\/\/minutobahia24h.com.br\/index.php?rest_route=%2Fwp%2Fv2%2Fcategories&post=10119"},{"taxonomy":"post_tag","embeddable":true,"href":"https:\/\/minutobahia24h.com.br\/index.php?rest_route=%2Fwp%2Fv2%2Ftags&post=10119"}],"curies":[{"name":"wp","href":"https:\/\/api.w.org\/{rel}","templated":true}]}}