{"id":10110,"date":"2024-03-27T07:05:46","date_gmt":"2024-03-27T10:05:46","guid":{"rendered":"https:\/\/minutobahia24h.com.br\/?p=10110"},"modified":"2024-03-27T07:05:48","modified_gmt":"2024-03-27T10:05:48","slug":"senhor-do-bonfim-e-destaque-no-combate-a-violencia-domestica","status":"publish","type":"post","link":"https:\/\/minutobahia24h.com.br\/?p=10110","title":{"rendered":"Senhor do Bonfim \u00e9 destaque no combate \u00e0 viol\u00eancia dom\u00e9stica"},"content":{"rendered":"<div class=\"wp-block-image\">\n<figure class=\"aligncenter size-full\"><img data-recalc-dims=\"1\" fetchpriority=\"high\" decoding=\"async\" width=\"696\" height=\"464\" src=\"https:\/\/i0.wp.com\/minutobahia24h.com.br\/wp-content\/uploads\/2024\/03\/Sem-titulo-334.jpg?resize=696%2C464&#038;ssl=1\" alt=\"\" class=\"wp-image-10111\" srcset=\"https:\/\/i0.wp.com\/minutobahia24h.com.br\/wp-content\/uploads\/2024\/03\/Sem-titulo-334.jpg?w=696&amp;ssl=1 696w, https:\/\/i0.wp.com\/minutobahia24h.com.br\/wp-content\/uploads\/2024\/03\/Sem-titulo-334.jpg?resize=300%2C200&amp;ssl=1 300w\" sizes=\"(max-width: 696px) 100vw, 696px\" \/><\/figure>\n<\/div>\n\n\n<p>Nesta \u00faltima quinta-feira, dia 21, o munic\u00edpio de Senhor do Bonfim demonstrou mais uma vez seu compromisso com a promo\u00e7\u00e3o dos direitos das mulheres e o combate \u00e0 viol\u00eancia dom\u00e9stica. A equipe t\u00e9cnica do Centro de Reeduca\u00e7\u00e3o de Homens (CRH) do munic\u00edpio de Juazeiro, levou sua expertise para um evento de capacita\u00e7\u00e3o organizado pela Coordena\u00e7\u00e3o de Mulheres da Secretaria de Desenvolvimento Social, Mulher e Diversidade (Sedes) de Juazeiro, compartilhando conhecimentos e pr\u00e1ticas eficazes que t\u00eam contribu\u00eddo significativamente para a redu\u00e7\u00e3o dos \u00edndices de viol\u00eancia contra as mulheres na regi\u00e3o.<\/p>\n\n\n\n<p>Com a apresenta\u00e7\u00e3o de dados, estat\u00edsticas e o fluxograma do Projeto Rompendo Ciclos, implementado em 2022, o CRH se tornou uma refer\u00eancia no enfrentamento \u00e0 viol\u00eancia dom\u00e9stica e familiar, alcan\u00e7ando um marco impressionante ao zerar os \u00edndices de feminic\u00eddio desde que iniciou suas atividades. Este projeto inovador destaca a import\u00e2ncia de dialogar com os homens, promovendo uma ressignifica\u00e7\u00e3o dos valores machistas como estrat\u00e9gia fundamental para combater a viol\u00eancia contra mulheres e meninas.<\/p>\n\n\n\n<p>O evento de capacita\u00e7\u00e3o, que durou 8 horas, contou com palestras ministradas por profissionais de destaque do CRH, incluindo a supervisora t\u00e9cnica, Dra. Ana Carolina Ventura; o psic\u00f3logo, Dr. Elder Borges; a advogada, Dra. La\u00eds Gabriela; e a agente social, Marlene Macambira. Representantes do munic\u00edpio de Juazeiro, como a Secret\u00e1ria da Sedes, Nadja Sueli; a Superintendente de Desenvolvimento Social, Mulher e Diversidade, Jane Leite; e a Coordenadora de Mulheres da Sedes, Edileide Cardoso, tamb\u00e9m marcaram presen\u00e7a, juntamente com t\u00e9cnicos participantes.<\/p>\n\n\n\n<p>Este encontro n\u00e3o apenas refor\u00e7ou a rede de apoio e colabora\u00e7\u00e3o entre os munic\u00edpios vizinhos mas tamb\u00e9m destacou o m\u00eas de mar\u00e7o, dedicado \u00e0 reflex\u00e3o sobre os direitos das mulheres, como um momento oportuno para celebrar as conquistas e reiterar o compromisso com a continuidade das a\u00e7\u00f5es efetivas no combate \u00e0 viol\u00eancia de g\u00eanero. O exemplo de Senhor do Bonfim ressalta o poder das iniciativas locais em promover mudan\u00e7as significativas e duradouras na sociedade.<\/p>\n\n\n\n<p><em>ASCOM \u2013 Prefeitura de Senhor do Bonfim \u2013 Cuidar bem, faz bem!<\/em><\/p>\n","protected":false},"excerpt":{"rendered":"<p>Nesta \u00faltima quinta-feira, dia 21, o munic\u00edpio de Senhor do Bonfim demonstrou mais uma vez seu compromisso com a promo\u00e7\u00e3o dos direitos das mulheres e o combate \u00e0 viol\u00eancia dom\u00e9stica. A equipe t\u00e9cnica do Centro de Reeduca\u00e7\u00e3o de Homens (CRH) do munic\u00edpio de Juazeiro, levou sua expertise para um evento de capacita\u00e7\u00e3o organizado pela Coordena\u00e7\u00e3o [&hellip;]<\/p>\n","protected":false},"author":2,"featured_media":10111,"comment_status":"open","ping_status":"open","sticky":false,"template":"","format":"standard","meta":{"_jetpack_memberships_contains_paid_content":false,"footnotes":""},"categories":[17],"tags":[],"class_list":["post-10110","post","type-post","status-publish","format-standard","has-post-thumbnail","hentry","category-senhor-do-bonfim"],"aioseo_notices":[],"jetpack_featured_media_url":"https:\/\/i0.wp.com\/minutobahia24h.com.br\/wp-content\/uploads\/2024\/03\/Sem-titulo-334.jpg?fit=696%2C464&ssl=1","jetpack_sharing_enabled":true,"_links":{"self":[{"href":"https:\/\/minutobahia24h.com.br\/index.php?rest_route=\/wp\/v2\/posts\/10110","targetHints":{"allow":["GET"]}}],"collection":[{"href":"https:\/\/minutobahia24h.com.br\/index.php?rest_route=\/wp\/v2\/posts"}],"about":[{"href":"https:\/\/minutobahia24h.com.br\/index.php?rest_route=\/wp\/v2\/types\/post"}],"author":[{"embeddable":true,"href":"https:\/\/minutobahia24h.com.br\/index.php?rest_route=\/wp\/v2\/users\/2"}],"replies":[{"embeddable":true,"href":"https:\/\/minutobahia24h.com.br\/index.php?rest_route=%2Fwp%2Fv2%2Fcomments&post=10110"}],"version-history":[{"count":1,"href":"https:\/\/minutobahia24h.com.br\/index.php?rest_route=\/wp\/v2\/posts\/10110\/revisions"}],"predecessor-version":[{"id":10112,"href":"https:\/\/minutobahia24h.com.br\/index.php?rest_route=\/wp\/v2\/posts\/10110\/revisions\/10112"}],"wp:featuredmedia":[{"embeddable":true,"href":"https:\/\/minutobahia24h.com.br\/index.php?rest_route=\/wp\/v2\/media\/10111"}],"wp:attachment":[{"href":"https:\/\/minutobahia24h.com.br\/index.php?rest_route=%2Fwp%2Fv2%2Fmedia&parent=10110"}],"wp:term":[{"taxonomy":"category","embeddable":true,"href":"https:\/\/minutobahia24h.com.br\/index.php?rest_route=%2Fwp%2Fv2%2Fcategories&post=10110"},{"taxonomy":"post_tag","embeddable":true,"href":"https:\/\/minutobahia24h.com.br\/index.php?rest_route=%2Fwp%2Fv2%2Ftags&post=10110"}],"curies":[{"name":"wp","href":"https:\/\/api.w.org\/{rel}","templated":true}]}}