{"id":10082,"date":"2024-03-26T09:48:44","date_gmt":"2024-03-26T12:48:44","guid":{"rendered":"https:\/\/minutobahia24h.com.br\/?p=10082"},"modified":"2024-03-26T09:48:46","modified_gmt":"2024-03-26T12:48:46","slug":"camara-municipal-de-senhor-do-bonfim-realiza-a-02a-sessao-extraordinaria-do-primeiro-semestre","status":"publish","type":"post","link":"https:\/\/minutobahia24h.com.br\/?p=10082","title":{"rendered":"C\u00e2mara Municipal de Senhor do Bonfim realiza a 02\u00aa sess\u00e3o extraordin\u00e1ria do primeiro semestre"},"content":{"rendered":"\n<figure class=\"wp-block-image size-large\"><img data-recalc-dims=\"1\" fetchpriority=\"high\" decoding=\"async\" width=\"800\" height=\"481\" src=\"https:\/\/i0.wp.com\/minutobahia24h.com.br\/wp-content\/uploads\/2024\/03\/WhatsApp-Image-2024-03-26-at-09.43.30-1024x616.jpeg?resize=800%2C481&#038;ssl=1\" alt=\"\" class=\"wp-image-10083\" srcset=\"https:\/\/i0.wp.com\/minutobahia24h.com.br\/wp-content\/uploads\/2024\/03\/WhatsApp-Image-2024-03-26-at-09.43.30-scaled.jpeg?resize=1024%2C616&amp;ssl=1 1024w, https:\/\/i0.wp.com\/minutobahia24h.com.br\/wp-content\/uploads\/2024\/03\/WhatsApp-Image-2024-03-26-at-09.43.30-scaled.jpeg?resize=300%2C181&amp;ssl=1 300w, https:\/\/i0.wp.com\/minutobahia24h.com.br\/wp-content\/uploads\/2024\/03\/WhatsApp-Image-2024-03-26-at-09.43.30-scaled.jpeg?resize=768%2C462&amp;ssl=1 768w, https:\/\/i0.wp.com\/minutobahia24h.com.br\/wp-content\/uploads\/2024\/03\/WhatsApp-Image-2024-03-26-at-09.43.30-scaled.jpeg?resize=1536%2C925&amp;ssl=1 1536w, https:\/\/i0.wp.com\/minutobahia24h.com.br\/wp-content\/uploads\/2024\/03\/WhatsApp-Image-2024-03-26-at-09.43.30-scaled.jpeg?resize=2048%2C1233&amp;ssl=1 2048w, https:\/\/i0.wp.com\/minutobahia24h.com.br\/wp-content\/uploads\/2024\/03\/WhatsApp-Image-2024-03-26-at-09.43.30-scaled.jpeg?resize=750%2C451&amp;ssl=1 750w, https:\/\/i0.wp.com\/minutobahia24h.com.br\/wp-content\/uploads\/2024\/03\/WhatsApp-Image-2024-03-26-at-09.43.30-scaled.jpeg?resize=1140%2C686&amp;ssl=1 1140w, https:\/\/i0.wp.com\/minutobahia24h.com.br\/wp-content\/uploads\/2024\/03\/WhatsApp-Image-2024-03-26-at-09.43.30-scaled.jpeg?w=1600 1600w, https:\/\/i0.wp.com\/minutobahia24h.com.br\/wp-content\/uploads\/2024\/03\/WhatsApp-Image-2024-03-26-at-09.43.30-scaled.jpeg?w=2400 2400w\" sizes=\"(max-width: 800px) 100vw, 800px\" \/><\/figure>\n\n\n\n<p>Nesta segunda-feira, 25 de mar\u00e7o, a C\u00e2mara Municipal de Senhor do Bonfim realizou a 02\u00aa Sess\u00e3o Extraordin\u00e1ria do primeiro semestre presidida pelo Vereador Idailton Galeguinho.<\/p>\n\n\n\n<p><strong><u>ORDEM DO DIA<\/u><\/strong><\/p>\n\n\n\n<ul class=\"wp-block-list\">\n<li><strong>Requerimento n\u00ba 006\/2024<\/strong>, oriundo do gabinete da presid\u00eancia da C\u00e2mara, que requer dispensa dos pareceres necess\u00e1rios das comiss\u00f5es parlamentares permanentes ao Projeto de Lei do Executivo n\u00ba 017\/2024 e Projeto de Lei do Legislativo n\u00ba 007\/2024;<\/li>\n<\/ul>\n\n\n\n<p><strong>REQUERIMENTO APROVADO.<\/strong><\/p>\n\n\n\n<ul class=\"wp-block-list\">\n<li><strong>Projeto de Lei do Executivo n\u00ba 017\/2024,&nbsp;<\/strong>que \u201c<em>Autoriza o Poder Executivo a repassar recurso do IFA para os Agentes Comunit\u00e1rios de Sa\u00fade e Agentes de Combate \u00e0s Endemias e d\u00e1 outras provid\u00eancias<\/em>\u201d;<\/li>\n<\/ul>\n\n\n\n<p><strong>DISCUSS\u00c3O DO PLE N\u00ba 017\/2024:<\/strong><\/p>\n\n\n\n<p><strong>Vereador Idailton Galeguinho (UB): <\/strong>Durante seu discurso, destacou a origem do projeto naquela casa legislativa e abordou a provoca\u00e7\u00e3o feita pelas lideran\u00e7as das categorias. Ele ressaltou a identifica\u00e7\u00e3o da necessidade de ajustes por parte do executivo para que o projeto pudesse melhor atender \u00e0s demandas da categoria. Vale destacar que essas altera\u00e7\u00f5es foram realizadas com o aval tanto de Viviane, representante dos agentes comunit\u00e1rios, quanto de Marlon Reis, representante dos agentes de endemias.<\/p>\n\n\n\n<p><strong>Vereador Ary Urbano (UB): <\/strong>Atribuiu integralmente o m\u00e9rito daquela conquista aos representantes das categorias dos agentes de endemias e agentes de sa\u00fade, reconhecendo o papel crucial que desempenharam. Al\u00e9m disso, ressaltou a import\u00e2ncia dessas categorias na linha de frente do combate \u00e0 dengue em nosso munic\u00edpio, destacando o esfor\u00e7o incans\u00e1vel que dedicam a essa causa. Tamb\u00e9m expressou seus parab\u00e9ns \u00e0 sensibilidade demonstrada pelo prefeito La\u00e9rcio Junior.<\/p>\n\n\n\n<p><strong>Vereador Elizeu dos Temperos (PROS):<\/strong> Parabenizou o empenho dos representantes das categorias e os incentivou a apoiar uma candidata que representasse tanto os agentes de endemias quanto os agentes de sa\u00fade para a verean\u00e7a. Ele enfatizou sua participa\u00e7\u00e3o ativa em todos os projetos aprovados naquela casa legislativa em favor dos servidores municipais.<\/p>\n\n\n\n<p><strong>Vereador Herm\u00f3genes Almeida (PT):<\/strong> Fez uma retrospectiva da hist\u00f3ria das categorias, destacando que no passado n\u00e3o existia regulamenta\u00e7\u00e3o e que foi necess\u00e1ria uma luta liderada pelo deputado Valter Pinheiro para alcan\u00e7ar progressos significativos. Ele ressaltou que a categoria teve que enfrentar desafios consider\u00e1veis, incluindo a aprova\u00e7\u00e3o de tr\u00eas emendas constitucionais, o que n\u00e3o foi uma tarefa f\u00e1cil. Al\u00e9m disso, enfatizou que, apesar de todas essas conquistas, a luta continuava e novos desafios surgiam constantemente.<\/p>\n\n\n\n<p><strong>Vereador Cleiton Vieria (PcdoB):<\/strong> Destacou que aquele dia era de reconhecimento pelo olhar sens\u00edvel do atual gestor, Laercio Muniz de Azevedo Junior, algo que n\u00e3o era comum em \u00e9pocas passadas. Al\u00e9m disso, parabenizou o empenho e a determina\u00e7\u00e3o da categoria, considerando-os verdadeiros vencedores.<\/p>\n\n\n\n<p><strong>Vereador Quinho do Carrapichel (PcdoB):<\/strong> Compartilhou sobre o di\u00e1logo construtivo que teve com os representantes das categorias para realizar os ajustes necess\u00e1rios no projeto. Ele enalteceu o comprometimento da casa legislativa com a classe trabalhadora, destacando o empenho e dedica\u00e7\u00e3o das categorias com grande honradez.<\/p>\n\n\n\n<p><strong>Vereador R\u00ea do Sindicato (PT): <\/strong>Destacou o exemplar padr\u00e3o de organiza\u00e7\u00e3o e luta pelos direitos das duas categorias, ressaltando a natureza \u00e1rdua e resistente de sua fun\u00e7\u00e3o. Enfrentando situa\u00e7\u00f5es adversas, reconheceu o trabalho incans\u00e1vel sob diversas condi\u00e7\u00f5es clim\u00e1ticas e desafios log\u00edsticos, incluindo frio, chuva, calor, lama e dificuldades de transporte, para realizar suas atribui\u00e7\u00f5es.<\/p>\n\n\n\n<p><strong>Vereador Biro Biro (Republicanos):<\/strong> Reconheceu os longos anos de sofrimento e lutas enfrentados pelos agentes comunit\u00e1rios de sa\u00fade e agentes de endemias. Fez refer\u00eancia \u00e0 lei de regulamenta\u00e7\u00e3o da categoria em 2006 e lamentou que gestores, por vezes, ignoravam deliberadamente essa legisla\u00e7\u00e3o, tratando-a com descaso.<\/p>\n\n\n\n<p><strong>PLE N\u00ba 017\/2024 APROVADO.<\/strong><\/p>\n\n\n\n<ul class=\"wp-block-list\">\n<li><strong>Projeto de Lei do Legislativo n\u00ba 007\/2024,&nbsp;<\/strong>oriundo da Mesa Diretora, que \u201c<em>Altera as Leis Municipais n\u00ba 1.359\/2015 e 1.683\/2023, dispondo sobre reposi\u00e7\u00e3o inflacion\u00e1ria anual dos servidores p\u00fablicos e Vereadores do Poder Legislativo do Munic\u00edpio de Senhor do Bonfim, bem como reajuste aos servidores<\/em>\u201d.<\/li>\n<\/ul>\n\n\n\n<p><strong>PLL N\u00ba 007\/2024 APROVADO.<\/strong><\/p>\n\n\n\n<figure class=\"wp-block-gallery has-nested-images columns-default is-cropped wp-block-gallery-1 is-layout-flex wp-block-gallery-is-layout-flex\">\n<figure class=\"wp-block-image size-large\"><img data-recalc-dims=\"1\" decoding=\"async\" width=\"800\" height=\"601\" data-id=\"10084\" src=\"https:\/\/i0.wp.com\/minutobahia24h.com.br\/wp-content\/uploads\/2024\/03\/WhatsApp-Image-2024-03-26-at-09.43.29-1-1024x769.jpeg?resize=800%2C601&#038;ssl=1\" alt=\"\" class=\"wp-image-10084\" srcset=\"https:\/\/i0.wp.com\/minutobahia24h.com.br\/wp-content\/uploads\/2024\/03\/WhatsApp-Image-2024-03-26-at-09.43.29-1-scaled.jpeg?resize=1024%2C769&amp;ssl=1 1024w, https:\/\/i0.wp.com\/minutobahia24h.com.br\/wp-content\/uploads\/2024\/03\/WhatsApp-Image-2024-03-26-at-09.43.29-1-scaled.jpeg?resize=300%2C225&amp;ssl=1 300w, https:\/\/i0.wp.com\/minutobahia24h.com.br\/wp-content\/uploads\/2024\/03\/WhatsApp-Image-2024-03-26-at-09.43.29-1-scaled.jpeg?resize=768%2C577&amp;ssl=1 768w, https:\/\/i0.wp.com\/minutobahia24h.com.br\/wp-content\/uploads\/2024\/03\/WhatsApp-Image-2024-03-26-at-09.43.29-1-scaled.jpeg?resize=1536%2C1153&amp;ssl=1 1536w, https:\/\/i0.wp.com\/minutobahia24h.com.br\/wp-content\/uploads\/2024\/03\/WhatsApp-Image-2024-03-26-at-09.43.29-1-scaled.jpeg?resize=2048%2C1537&amp;ssl=1 2048w, https:\/\/i0.wp.com\/minutobahia24h.com.br\/wp-content\/uploads\/2024\/03\/WhatsApp-Image-2024-03-26-at-09.43.29-1-scaled.jpeg?resize=750%2C563&amp;ssl=1 750w, https:\/\/i0.wp.com\/minutobahia24h.com.br\/wp-content\/uploads\/2024\/03\/WhatsApp-Image-2024-03-26-at-09.43.29-1-scaled.jpeg?resize=1140%2C856&amp;ssl=1 1140w, https:\/\/i0.wp.com\/minutobahia24h.com.br\/wp-content\/uploads\/2024\/03\/WhatsApp-Image-2024-03-26-at-09.43.29-1-scaled.jpeg?w=1600 1600w, https:\/\/i0.wp.com\/minutobahia24h.com.br\/wp-content\/uploads\/2024\/03\/WhatsApp-Image-2024-03-26-at-09.43.29-1-scaled.jpeg?w=2400 2400w\" sizes=\"(max-width: 800px) 100vw, 800px\" \/><\/figure>\n\n\n\n<figure class=\"wp-block-image size-large\"><img data-recalc-dims=\"1\" decoding=\"async\" width=\"800\" height=\"601\" data-id=\"10086\" src=\"https:\/\/i0.wp.com\/minutobahia24h.com.br\/wp-content\/uploads\/2024\/03\/WhatsApp-Image-2024-03-26-at-09.43.29-2-1024x769.jpeg?resize=800%2C601&#038;ssl=1\" alt=\"\" class=\"wp-image-10086\" srcset=\"https:\/\/i0.wp.com\/minutobahia24h.com.br\/wp-content\/uploads\/2024\/03\/WhatsApp-Image-2024-03-26-at-09.43.29-2-scaled.jpeg?resize=1024%2C769&amp;ssl=1 1024w, https:\/\/i0.wp.com\/minutobahia24h.com.br\/wp-content\/uploads\/2024\/03\/WhatsApp-Image-2024-03-26-at-09.43.29-2-scaled.jpeg?resize=300%2C225&amp;ssl=1 300w, https:\/\/i0.wp.com\/minutobahia24h.com.br\/wp-content\/uploads\/2024\/03\/WhatsApp-Image-2024-03-26-at-09.43.29-2-scaled.jpeg?resize=768%2C577&amp;ssl=1 768w, https:\/\/i0.wp.com\/minutobahia24h.com.br\/wp-content\/uploads\/2024\/03\/WhatsApp-Image-2024-03-26-at-09.43.29-2-scaled.jpeg?resize=1536%2C1153&amp;ssl=1 1536w, https:\/\/i0.wp.com\/minutobahia24h.com.br\/wp-content\/uploads\/2024\/03\/WhatsApp-Image-2024-03-26-at-09.43.29-2-scaled.jpeg?resize=2048%2C1537&amp;ssl=1 2048w, https:\/\/i0.wp.com\/minutobahia24h.com.br\/wp-content\/uploads\/2024\/03\/WhatsApp-Image-2024-03-26-at-09.43.29-2-scaled.jpeg?resize=750%2C563&amp;ssl=1 750w, https:\/\/i0.wp.com\/minutobahia24h.com.br\/wp-content\/uploads\/2024\/03\/WhatsApp-Image-2024-03-26-at-09.43.29-2-scaled.jpeg?resize=1140%2C856&amp;ssl=1 1140w, https:\/\/i0.wp.com\/minutobahia24h.com.br\/wp-content\/uploads\/2024\/03\/WhatsApp-Image-2024-03-26-at-09.43.29-2-scaled.jpeg?w=1600 1600w, https:\/\/i0.wp.com\/minutobahia24h.com.br\/wp-content\/uploads\/2024\/03\/WhatsApp-Image-2024-03-26-at-09.43.29-2-scaled.jpeg?w=2400 2400w\" sizes=\"(max-width: 800px) 100vw, 800px\" \/><\/figure>\n\n\n\n<figure class=\"wp-block-image size-large\"><img data-recalc-dims=\"1\" loading=\"lazy\" decoding=\"async\" width=\"800\" height=\"601\" data-id=\"10085\" src=\"https:\/\/i0.wp.com\/minutobahia24h.com.br\/wp-content\/uploads\/2024\/03\/WhatsApp-Image-2024-03-26-at-09.43.30-1-1024x769.jpeg?resize=800%2C601&#038;ssl=1\" alt=\"\" class=\"wp-image-10085\" srcset=\"https:\/\/i0.wp.com\/minutobahia24h.com.br\/wp-content\/uploads\/2024\/03\/WhatsApp-Image-2024-03-26-at-09.43.30-1-scaled.jpeg?resize=1024%2C769&amp;ssl=1 1024w, https:\/\/i0.wp.com\/minutobahia24h.com.br\/wp-content\/uploads\/2024\/03\/WhatsApp-Image-2024-03-26-at-09.43.30-1-scaled.jpeg?resize=300%2C225&amp;ssl=1 300w, https:\/\/i0.wp.com\/minutobahia24h.com.br\/wp-content\/uploads\/2024\/03\/WhatsApp-Image-2024-03-26-at-09.43.30-1-scaled.jpeg?resize=768%2C577&amp;ssl=1 768w, https:\/\/i0.wp.com\/minutobahia24h.com.br\/wp-content\/uploads\/2024\/03\/WhatsApp-Image-2024-03-26-at-09.43.30-1-scaled.jpeg?resize=1536%2C1153&amp;ssl=1 1536w, https:\/\/i0.wp.com\/minutobahia24h.com.br\/wp-content\/uploads\/2024\/03\/WhatsApp-Image-2024-03-26-at-09.43.30-1-scaled.jpeg?resize=2048%2C1537&amp;ssl=1 2048w, https:\/\/i0.wp.com\/minutobahia24h.com.br\/wp-content\/uploads\/2024\/03\/WhatsApp-Image-2024-03-26-at-09.43.30-1-scaled.jpeg?resize=750%2C563&amp;ssl=1 750w, https:\/\/i0.wp.com\/minutobahia24h.com.br\/wp-content\/uploads\/2024\/03\/WhatsApp-Image-2024-03-26-at-09.43.30-1-scaled.jpeg?resize=1140%2C856&amp;ssl=1 1140w, https:\/\/i0.wp.com\/minutobahia24h.com.br\/wp-content\/uploads\/2024\/03\/WhatsApp-Image-2024-03-26-at-09.43.30-1-scaled.jpeg?w=1600 1600w, https:\/\/i0.wp.com\/minutobahia24h.com.br\/wp-content\/uploads\/2024\/03\/WhatsApp-Image-2024-03-26-at-09.43.30-1-scaled.jpeg?w=2400 2400w\" sizes=\"(max-width: 800px) 100vw, 800px\" \/><\/figure>\n<\/figure>\n\n\n\n<p><strong><u>UTILIZANDO A TRIBUNA:<\/u><\/strong><\/p>\n\n\n\n<p>Viviane Bispo, presidente da Associa\u00e7\u00e3o dos Agentes de Comunit\u00e1rios de Sa\u00fade, ocupou a tribuna para abordar quest\u00f5es cruciais enfrentadas pela categoria. Ela destacou obst\u00e1culos como ass\u00e9dio moral e at\u00e9 mesmo agress\u00f5es f\u00edsicas, ressaltando a urg\u00eancia de enfrentar tais desafios. Expressou sua gratid\u00e3o ao presidente da C\u00e2mara Idailton e ao Prefeito Laercio Junior pelo reconhecimento e pela corre\u00e7\u00e3o de um projeto que inicialmente estava equivocado, destacando a colabora\u00e7\u00e3o e boa vontade de todos os vereadores. Al\u00e9m disso, enfatizou a import\u00e2ncia da coes\u00e3o entre os agentes de endemias e os agentes comunit\u00e1rios de sa\u00fade para fortalecer o servi\u00e7o prestado \u00e0 comunidade.<\/p>\n\n\n\n<p>Marlon Reis, presidente da Associa\u00e7\u00e3o dos Agentes de Endemias, tamb\u00e9m utilizou da fala e elogiou o inspirador pronunciamento de sua colega Viviane, destacando que o dia 25 de mar\u00e7o representava um marco hist\u00f3rico para a categoria. Ele enfatizou que os agentes de endemias s\u00e3o um grupo comprometido com a luta e a mobiliza\u00e7\u00e3o, nunca desviando de seus objetivos. Expressou sua gratid\u00e3o pelo carinho e dedica\u00e7\u00e3o de todos os vereadores, reconhecendo o apoio fundamental que t\u00eam oferecido \u00e0 causa.<\/p>\n\n\n\n<p><strong>ASCOM \u2013 CMSB \u2013 \u201cO FUTURO DO NOSSO MUNIC\u00cdPIO PASSA POR AQUI.\u201d<\/strong><\/p>\n","protected":false},"excerpt":{"rendered":"<p>Nesta segunda-feira, 25 de mar\u00e7o, a C\u00e2mara Municipal de Senhor do Bonfim realizou a 02\u00aa Sess\u00e3o Extraordin\u00e1ria do primeiro semestre presidida pelo Vereador Idailton Galeguinho. ORDEM DO DIA REQUERIMENTO APROVADO. DISCUSS\u00c3O DO PLE N\u00ba 017\/2024: Vereador Idailton Galeguinho (UB): Durante seu discurso, destacou a origem do projeto naquela casa legislativa e abordou a provoca\u00e7\u00e3o feita [&hellip;]<\/p>\n","protected":false},"author":2,"featured_media":10083,"comment_status":"open","ping_status":"open","sticky":false,"template":"","format":"standard","meta":{"_jetpack_memberships_contains_paid_content":false,"footnotes":""},"categories":[17],"tags":[],"class_list":["post-10082","post","type-post","status-publish","format-standard","has-post-thumbnail","hentry","category-senhor-do-bonfim"],"aioseo_notices":[],"jetpack_featured_media_url":"https:\/\/i0.wp.com\/minutobahia24h.com.br\/wp-content\/uploads\/2024\/03\/WhatsApp-Image-2024-03-26-at-09.43.30-scaled.jpeg?fit=2560%2C1541&ssl=1","jetpack_sharing_enabled":true,"_links":{"self":[{"href":"https:\/\/minutobahia24h.com.br\/index.php?rest_route=\/wp\/v2\/posts\/10082","targetHints":{"allow":["GET"]}}],"collection":[{"href":"https:\/\/minutobahia24h.com.br\/index.php?rest_route=\/wp\/v2\/posts"}],"about":[{"href":"https:\/\/minutobahia24h.com.br\/index.php?rest_route=\/wp\/v2\/types\/post"}],"author":[{"embeddable":true,"href":"https:\/\/minutobahia24h.com.br\/index.php?rest_route=\/wp\/v2\/users\/2"}],"replies":[{"embeddable":true,"href":"https:\/\/minutobahia24h.com.br\/index.php?rest_route=%2Fwp%2Fv2%2Fcomments&post=10082"}],"version-history":[{"count":1,"href":"https:\/\/minutobahia24h.com.br\/index.php?rest_route=\/wp\/v2\/posts\/10082\/revisions"}],"predecessor-version":[{"id":10087,"href":"https:\/\/minutobahia24h.com.br\/index.php?rest_route=\/wp\/v2\/posts\/10082\/revisions\/10087"}],"wp:featuredmedia":[{"embeddable":true,"href":"https:\/\/minutobahia24h.com.br\/index.php?rest_route=\/wp\/v2\/media\/10083"}],"wp:attachment":[{"href":"https:\/\/minutobahia24h.com.br\/index.php?rest_route=%2Fwp%2Fv2%2Fmedia&parent=10082"}],"wp:term":[{"taxonomy":"category","embeddable":true,"href":"https:\/\/minutobahia24h.com.br\/index.php?rest_route=%2Fwp%2Fv2%2Fcategories&post=10082"},{"taxonomy":"post_tag","embeddable":true,"href":"https:\/\/minutobahia24h.com.br\/index.php?rest_route=%2Fwp%2Fv2%2Ftags&post=10082"}],"curies":[{"name":"wp","href":"https:\/\/api.w.org\/{rel}","templated":true}]}}