{"id":10075,"date":"2024-03-26T07:55:47","date_gmt":"2024-03-26T10:55:47","guid":{"rendered":"https:\/\/minutobahia24h.com.br\/?p=10075"},"modified":"2024-03-26T07:55:48","modified_gmt":"2024-03-26T10:55:48","slug":"espanha-x-brasil-veja-provaveis-escalacoes-horario-e-onde-assistir","status":"publish","type":"post","link":"https:\/\/minutobahia24h.com.br\/?p=10075","title":{"rendered":"Espanha x Brasil: veja prov\u00e1veis escala\u00e7\u00f5es, hor\u00e1rio e onde assistir"},"content":{"rendered":"<div class=\"wp-block-image\">\n<figure class=\"aligncenter size-large\"><img data-recalc-dims=\"1\" fetchpriority=\"high\" decoding=\"async\" width=\"800\" height=\"421\" src=\"https:\/\/i0.wp.com\/minutobahia24h.com.br\/wp-content\/uploads\/2024\/03\/Sem-titulo-329-1024x539.jpg?resize=800%2C421&#038;ssl=1\" alt=\"\" class=\"wp-image-10076\" srcset=\"https:\/\/i0.wp.com\/minutobahia24h.com.br\/wp-content\/uploads\/2024\/03\/Sem-titulo-329.jpg?resize=1024%2C539&amp;ssl=1 1024w, https:\/\/i0.wp.com\/minutobahia24h.com.br\/wp-content\/uploads\/2024\/03\/Sem-titulo-329.jpg?resize=300%2C158&amp;ssl=1 300w, https:\/\/i0.wp.com\/minutobahia24h.com.br\/wp-content\/uploads\/2024\/03\/Sem-titulo-329.jpg?resize=768%2C404&amp;ssl=1 768w, https:\/\/i0.wp.com\/minutobahia24h.com.br\/wp-content\/uploads\/2024\/03\/Sem-titulo-329.jpg?resize=750%2C395&amp;ssl=1 750w, https:\/\/i0.wp.com\/minutobahia24h.com.br\/wp-content\/uploads\/2024\/03\/Sem-titulo-329.jpg?resize=1140%2C600&amp;ssl=1 1140w, https:\/\/i0.wp.com\/minutobahia24h.com.br\/wp-content\/uploads\/2024\/03\/Sem-titulo-329.jpg?w=1200&amp;ssl=1 1200w\" sizes=\"(max-width: 800px) 100vw, 800px\" \/><figcaption class=\"wp-element-caption\">Foto: Rafael Ribeiro \/ CBF<br><\/figcaption><\/figure>\n<\/div>\n\n\n<p><strong>Ap\u00f3s superar a Inglaterra no \u00faltimo s\u00e1bado (23) pelo placar de 1 a 0, a Sele\u00e7\u00e3o Brasileira mira os esfor\u00e7os para o pr\u00f3ximo amistoso contra a Espanha, que acontece nesta ter\u00e7a-feira&nbsp;(26), \u00e0s 17h30 (hor\u00e1rio de Bras\u00edlia), no Santiago Bernab\u00e9u, em Madrid. A partida tem como objetivo refor\u00e7ar a luta e o combate ao racismo ap\u00f3s os recentes epis\u00f3dios sofridos pelo atacante brasileiro Vin\u00edcius J\u00fanior.<\/strong><\/p>\n\n\n\n<p><br>O Brasil ainda possui dois amistosos agendados antes da disputa da convoca\u00e7\u00e3o para a Copa Am\u00e9rica, um contra o M\u00e9xico, no dia 8 de junho e sem local definido, e outro contra os Estados Unidos, 12 de junho, no Camping World Stadium.\u00a0 \u00a0<\/p>\n\n\n\n<p>O gol brasileiro da \u00faltima partida foi marcado pelo garoto Endrick, que fez o seu primeiro pela Sele\u00e7\u00e3o Principal e \u00a0pode ter chances de marcar novamente diante da torcida do seu futuro clube, o Real Madrid, onde ser\u00e1 parceiro dos colegas, Rodrygo e Vin\u00edcius J\u00fanior.<\/p>\n\n\n\n<figure class=\"wp-block-image\"><img data-recalc-dims=\"1\" decoding=\"async\" data-src=\"https:\/\/i0.wp.com\/www.bahianoticias.com.br\/fotos\/esportes_noticias\/68599\/mg\/walker-vs-vinicius-jr-foto-rafael-ribeiro-cbf.jpg?w=800&#038;ssl=1\" alt=\"\" src=\"data:image\/gif;base64,R0lGODlhAQABAAAAACH5BAEKAAEALAAAAAABAAEAAAICTAEAOw==\" class=\"lazyload\" \/><noscript><img data-recalc-dims=\"1\" decoding=\"async\" src=\"https:\/\/i0.wp.com\/www.bahianoticias.com.br\/fotos\/esportes_noticias\/68599\/mg\/walker-vs-vinicius-jr-foto-rafael-ribeiro-cbf.jpg?w=800&#038;ssl=1\" alt=\"\"\/><\/noscript><\/figure>\n\n\n\n<p><em>Vinicius Jr em disputa de bola com Kyle Walker | Foto: Rafael Ribeiro \/ CBF<\/em><\/p>\n\n\n\n<p>Para encarar a Sele\u00e7\u00e3o Espanhola, o t\u00e9cnico Dorival J\u00fanior n\u00e3o ter\u00e1 \u00e0 sua disposi\u00e7\u00e3o os jogadores Ederson, Marquinhos, Gabriel Martinelli, Casemiro e Gabriel Magalh\u00e3es, ambos desconvocados por les\u00e3o.<\/p>\n\n\n\n<figure class=\"wp-block-image\"><img data-recalc-dims=\"1\" decoding=\"async\" data-src=\"https:\/\/i0.wp.com\/www.bahianoticias.com.br\/fotos\/esportes_noticias\/68599\/mg\/campinho-brasil-arte-paulo-nadal-bn.png?w=800&#038;ssl=1\" alt=\"\" src=\"data:image\/gif;base64,R0lGODlhAQABAAAAACH5BAEKAAEALAAAAAABAAEAAAICTAEAOw==\" class=\"lazyload\" \/><noscript><img data-recalc-dims=\"1\" decoding=\"async\" src=\"https:\/\/i0.wp.com\/www.bahianoticias.com.br\/fotos\/esportes_noticias\/68599\/mg\/campinho-brasil-arte-paulo-nadal-bn.png?w=800&#038;ssl=1\" alt=\"\"\/><\/noscript><\/figure>\n\n\n\n<p><em>Arte: Paulo Victor Nadal \/ Bahia Not\u00edcias<\/em><\/p>\n\n\n\n<p><strong>ESPANHA<\/strong><\/p>\n\n\n\n<p><br>No Est\u00e1dio Ol\u00edmpico de Londres, a Espanha perdeu para a Col\u00f4mbia por 1 a 0 com um gola\u00e7o de voleio de Daniel Mu\u00f1oz. Os espanh\u00f3is foram superados quando mantinham uma invencibilidade de um ano sem perder amistosos. O pr\u00f3ximo tabu que pode ser batido \u00e9 o de jogos no Santiago Bernab\u00e9u, a equipe espanhola n\u00e3o perde na casa dos merengues desde 1987 e com certeza far\u00e1 de tudo para manter intacto.<\/p>\n\n\n\n<p><strong>FICHA T\u00c9CNICA<\/strong><\/p>\n\n\n\n<p>Espanha\u00a0x Brasil<\/p>\n\n\n\n<p>Amistosos da Sele\u00e7\u00e3o<\/p>\n\n\n\n<p>Local: Santiago Bernab\u00e9u, em Madrid<\/p>\n\n\n\n<p>Data: 26\/03\/2024 (quarta-feira)<\/p>\n\n\n\n<p>Hor\u00e1rio: 17h30<\/p>\n\n\n\n<p>\u00c1rbitro: \u00a0Jo\u00e3o Pinheiro (POR)<\/p>\n\n\n\n<p>Assistentes: Bruno Jesus (POR) e Luciano Maia (POR)<\/p>\n\n\n\n<p>Transmiss\u00e3o: TV Globo e SporTV<\/p>\n\n\n\n<p>Espanha: Simon; Carvajal, Le Normand, Laporte e Grimaldo; Merino, Rodri e Ruiz; Dani\u00a0Olmo, Morata e Nico Williams. T\u00e9cnico: Luis de la Fuente<\/p>\n\n\n\n<p>Brasil: Bento, Danilo, Fabr\u00edcio Bruno, Beraldo e Wendell; Jo\u00e3o Gomes, Bruno Guimar\u00e3es, Lucas Paquet\u00e1 e Rodrygo; Vinicius Jr e Raphinha.\u00a0T\u00e9cnico: Dorival Jr.\u00a0<\/p>\n\n\n\n<p>BN<\/p>\n","protected":false},"excerpt":{"rendered":"<p>Ap\u00f3s superar a Inglaterra no \u00faltimo s\u00e1bado (23) pelo placar de 1 a 0, a Sele\u00e7\u00e3o Brasileira mira os esfor\u00e7os para o pr\u00f3ximo amistoso contra a Espanha, que acontece nesta ter\u00e7a-feira&nbsp;(26), \u00e0s 17h30 (hor\u00e1rio de Bras\u00edlia), no Santiago Bernab\u00e9u, em Madrid. A partida tem como objetivo refor\u00e7ar a luta e o combate ao racismo ap\u00f3s [&hellip;]<\/p>\n","protected":false},"author":2,"featured_media":10076,"comment_status":"open","ping_status":"open","sticky":false,"template":"","format":"standard","meta":{"_jetpack_memberships_contains_paid_content":false,"footnotes":""},"categories":[20],"tags":[],"class_list":["post-10075","post","type-post","status-publish","format-standard","has-post-thumbnail","hentry","category-esporte"],"aioseo_notices":[],"jetpack_featured_media_url":"https:\/\/i0.wp.com\/minutobahia24h.com.br\/wp-content\/uploads\/2024\/03\/Sem-titulo-329.jpg?fit=1200%2C632&ssl=1","jetpack_sharing_enabled":true,"_links":{"self":[{"href":"https:\/\/minutobahia24h.com.br\/index.php?rest_route=\/wp\/v2\/posts\/10075","targetHints":{"allow":["GET"]}}],"collection":[{"href":"https:\/\/minutobahia24h.com.br\/index.php?rest_route=\/wp\/v2\/posts"}],"about":[{"href":"https:\/\/minutobahia24h.com.br\/index.php?rest_route=\/wp\/v2\/types\/post"}],"author":[{"embeddable":true,"href":"https:\/\/minutobahia24h.com.br\/index.php?rest_route=\/wp\/v2\/users\/2"}],"replies":[{"embeddable":true,"href":"https:\/\/minutobahia24h.com.br\/index.php?rest_route=%2Fwp%2Fv2%2Fcomments&post=10075"}],"version-history":[{"count":1,"href":"https:\/\/minutobahia24h.com.br\/index.php?rest_route=\/wp\/v2\/posts\/10075\/revisions"}],"predecessor-version":[{"id":10077,"href":"https:\/\/minutobahia24h.com.br\/index.php?rest_route=\/wp\/v2\/posts\/10075\/revisions\/10077"}],"wp:featuredmedia":[{"embeddable":true,"href":"https:\/\/minutobahia24h.com.br\/index.php?rest_route=\/wp\/v2\/media\/10076"}],"wp:attachment":[{"href":"https:\/\/minutobahia24h.com.br\/index.php?rest_route=%2Fwp%2Fv2%2Fmedia&parent=10075"}],"wp:term":[{"taxonomy":"category","embeddable":true,"href":"https:\/\/minutobahia24h.com.br\/index.php?rest_route=%2Fwp%2Fv2%2Fcategories&post=10075"},{"taxonomy":"post_tag","embeddable":true,"href":"https:\/\/minutobahia24h.com.br\/index.php?rest_route=%2Fwp%2Fv2%2Ftags&post=10075"}],"curies":[{"name":"wp","href":"https:\/\/api.w.org\/{rel}","templated":true}]}}