{"id":10051,"date":"2024-03-26T07:26:18","date_gmt":"2024-03-26T10:26:18","guid":{"rendered":"https:\/\/minutobahia24h.com.br\/?p=10051"},"modified":"2024-03-26T07:26:19","modified_gmt":"2024-03-26T10:26:19","slug":"pe-de-meia-pagamento-da-primeira-parcela-comeca-nesta-terca-confira-o-calendario-e-saiba-quem-tem-direito","status":"publish","type":"post","link":"https:\/\/minutobahia24h.com.br\/?p=10051","title":{"rendered":"P\u00e9-de-Meia: pagamento da primeira parcela come\u00e7a nesta ter\u00e7a; confira o calend\u00e1rio e saiba quem tem direito"},"content":{"rendered":"<div class=\"wp-block-image\">\n<figure class=\"aligncenter size-full\"><img data-recalc-dims=\"1\" fetchpriority=\"high\" decoding=\"async\" width=\"800\" height=\"529\" src=\"https:\/\/i0.wp.com\/minutobahia24h.com.br\/wp-content\/uploads\/2024\/03\/Sem-titulo-321.jpg?resize=800%2C529&#038;ssl=1\" alt=\"\" class=\"wp-image-10052\" srcset=\"https:\/\/i0.wp.com\/minutobahia24h.com.br\/wp-content\/uploads\/2024\/03\/Sem-titulo-321.jpg?w=983&amp;ssl=1 983w, https:\/\/i0.wp.com\/minutobahia24h.com.br\/wp-content\/uploads\/2024\/03\/Sem-titulo-321.jpg?resize=300%2C198&amp;ssl=1 300w, https:\/\/i0.wp.com\/minutobahia24h.com.br\/wp-content\/uploads\/2024\/03\/Sem-titulo-321.jpg?resize=768%2C508&amp;ssl=1 768w, https:\/\/i0.wp.com\/minutobahia24h.com.br\/wp-content\/uploads\/2024\/03\/Sem-titulo-321.jpg?resize=750%2C496&amp;ssl=1 750w\" sizes=\"(max-width: 800px) 100vw, 800px\" \/><figcaption class=\"wp-element-caption\">O P\u00e9-de-Meia\u202fprev\u00ea o pagamento de incentivo mensal de R$ 200. \u2014 Foto: Fabiane de Paula\/Sistema Verdes Mares<br><\/figcaption><\/figure>\n<\/div>\n\n\n<p>Os alunos contemplados pelo programa P\u00e9-de-Meia que fazem anivers\u00e1rio em janeiro e fevereiro v\u00e3o receber nesta ter\u00e7a-feira (26) a primeira parcela do benef\u00edcio.&nbsp;O valor de R$ 200 \u00e9 referente ao b\u00f4nus de matr\u00edcula e n\u00e3o \u00e9 descontado do incentivo de frequ\u00eancia de R$ 1.800, que ser\u00e1 pago em nove parcelas ao longo do ano.&nbsp;<em>(Veja mais abaixo)<\/em>.<\/p>\n\n\n\n<p>\ud83d\udc49\ud83c\udffe\u00a0<strong>P\u00e9-de-Meia\u00a0<\/strong>\u00e9 um programa do Governo Federal, que, por meio do\u00a0<a class=\"\" href=\"https:\/\/g1.globo.com\/tudo-sobre\/ministerio-da-educacao\/\">MEC<\/a>, ir\u00e1 fornecer incentivo financeiro para estudantes de baixa renda regularmente matriculados no ensino m\u00e9dio da rede p\u00fablica, como forma de combater a evas\u00e3o escolar. Ser\u00e3o contemplados alunos dos 14 aos 24 anos, cuja fam\u00edlia est\u00e1 inscrita no Cadastro \u00danico (Cad\u00danico).\u00a0<em>(Veja os detalhes mais abaixo.)<\/em><\/p>\n\n\n\n<p>Os benefici\u00e1rios que fazem anivers\u00e1rio em outros meses tamb\u00e9m receber\u00e3o a primeira parcela ainda nos pr\u00f3ximos dias, a depender do m\u00eas de nascimento, de acordo com o seguinte cronograma:<\/p>\n\n\n\n<ul class=\"wp-block-list\">\n<li>Janeiro e fevereiro: 26 de mar\u00e7o<\/li>\n\n\n\n<li>Mar\u00e7o e abril: 27 de mar\u00e7o<\/li>\n\n\n\n<li>Maio e junho: 28 de mar\u00e7o<\/li>\n\n\n\n<li>Julho e agosto: 1\u00ba de abril<\/li>\n\n\n\n<li>Setembro e outubro: 2 de abril<\/li>\n\n\n\n<li>Novembro e dezembro: 3 de abril<\/li>\n<\/ul>\n\n\n\n<p>De acordo com Camilo Santana, ministro da Educa\u00e7\u00e3o, a Caixa Exon\u00f4mica, respons\u00e1vel pelos repasses para as contas dos estudantes, ainda vai avaliar se o m\u00eas de anivers\u00e1rio seguir\u00e1 sendo o crit\u00e9rio para pagamento das pr\u00f3ximas parcelas do benef\u00edcio.<\/p>\n\n\n\n<h2 class=\"wp-block-heading\">Como saber se foi contemplado<\/h2>\n\n\n\n<p>Os estudantes de ensino m\u00e9dio podem conferir se foram contemplados pelo programa por meio do aplicativo Jornada do Estudante, do Minist\u00e9rio da Educa\u00e7\u00e3o (MEC). Se for beneficiado pelo programa, o aluno encontrar\u00e1 no app informa\u00e7\u00f5es como:<\/p>\n\n\n\n<ul class=\"wp-block-list\">\n<li>parcelas de matr\u00edcula;\u202f<\/li>\n\n\n\n<li>calend\u00e1rio de pagamento;\u202f<\/li>\n\n\n\n<li>data de pagamento;\u202f<\/li>\n\n\n\n<li>valor da parcela;\u202f<\/li>\n\n\n\n<li>identifica\u00e7\u00e3o de compet\u00eancia da parcela;\u202f<\/li>\n\n\n\n<li>informa\u00e7\u00f5es de banco, ag\u00eancia e conta em que a parcela foi paga;\u202f<\/li>\n\n\n\n<li>situa\u00e7\u00e3o da parcela; e<\/li>\n\n\n\n<li>data de processamento de cada informa\u00e7\u00e3o.<\/li>\n<\/ul>\n\n\n\n<p>Para os que n\u00e3o tiverem sido contemplados,\u00a0o aplicativo deve informar o motivo da rejei\u00e7\u00e3o e apresentar orienta\u00e7\u00f5es ao estudante para solucionar a situa\u00e7\u00e3o.\u202f<\/p>\n\n\n\n<h2 class=\"wp-block-heading\">Quem pode participar do &#8216;P\u00e9-de-meia&#8217;<\/h2>\n\n\n\n<p>De acordo com a portaria, podem participar do programa os estudantes matriculados em<strong>&nbsp;escolas p\u00fablicas<\/strong>&nbsp;e que estejam cursando o&nbsp;<strong>ensino m\u00e9dio<\/strong>&nbsp;ou o programa para&nbsp;<strong>Educa\u00e7\u00e3o de Jovens e Adultos (EJA)<\/strong>. Al\u00e9m disso, \u00e9 necess\u00e1rio:<\/p>\n\n\n\n<ul class=\"wp-block-list\">\n<li>ter entre 14 e 24 anos;<\/li>\n\n\n\n<li>ter CPF; e<\/li>\n\n\n\n<li>fazer parte de fam\u00edlia inscrita no Cadastro \u00danico (Cad\u00danico).<\/li>\n<\/ul>\n\n\n\n<p>Segundo MEC, ter\u00e3o&nbsp;prioridade&nbsp;para receber o benef\u00edcio os estudantes que integrem&nbsp;fam\u00edlias que recebem o Bolsa Fam\u00edlia. Por outro lado, alunos cadastrados como&nbsp;<strong>fam\u00edlia unipessoal<\/strong>&nbsp;no Bolsa Fam\u00edlia&nbsp;<strong>n\u00e3o t\u00eam<\/strong>&nbsp;direito ao programa.<\/p>\n\n\n\n<h2 class=\"wp-block-heading\">\ud83d\udcb0 Quais valores ser\u00e3o pagos<\/h2>\n\n\n\n<p>O MEC informou que o benef\u00edcio ser\u00e1 pago por etapas, da seguinte forma:<\/p>\n\n\n\n<ul class=\"wp-block-list\">\n<li><strong>incentivo para matr\u00edcula<\/strong>, no valor anual de R$ 200;<\/li>\n\n\n\n<li><strong>incentivo de frequ\u00eancia<\/strong>, no valor anual de R$ 1.800;<\/li>\n\n\n\n<li><strong>incentivo para conclus\u00e3o do ano<\/strong>, no valor anual de R$ 1.000;<\/li>\n\n\n\n<li><strong>incentivo para o Enem<\/strong>, em parcela \u00fanica de R$ 200.<\/li>\n<\/ul>\n\n\n\n<p>No caso do incentivo de frequ\u00eancia, o valor total de R$ 1.800&nbsp;ser\u00e1 pago em nove parcelas&nbsp;ao longo do ano. A exce\u00e7\u00e3o ser\u00e1 para este ano, quando o benef\u00edcio ser\u00e1 pago em oito parcelas, totalizando R$ 1.600.<\/p>\n\n\n\n<h2 class=\"wp-block-heading\">\u2705 Quais s\u00e3o as regras do programa<\/h2>\n\n\n\n<p>O MEC informou que vai exigir uma s\u00e9rie de dados sobre a vida escolar do estudante para que o benef\u00edcio seja pago regularmente. Confira a seguir:<\/p>\n\n\n\n<ul class=\"wp-block-list\">\n<li><strong>Incentivo de matr\u00edcula:<\/strong>&nbsp;\u00e9 necess\u00e1ria que a inscri\u00e7\u00e3o no ano escolar seja feita&nbsp;at\u00e9 dois meses ap\u00f3s o in\u00edcio do ano letivo.<\/li>\n\n\n\n<li><strong>Incentivo de frequ\u00eancia:<\/strong>&nbsp;o aluno ter\u00e1 de ter frequ\u00eancia de pelo menos&nbsp;80% das horas letivas.&nbsp;Caber\u00e1 \u00e0s institui\u00e7\u00f5es de ensino comunicar ao governo, todos os meses, a frequ\u00eancia escolar dos estudantes.<\/li>\n\n\n\n<li><strong>Incentivo de conclus\u00e3o:<\/strong>&nbsp;o estudante dever\u00e1 passar de ano para receber o valor anual. Al\u00e9m disso, se for o caso, o aluno ter\u00e1 de ter a participa\u00e7\u00e3o comprovada em exames de avalia\u00e7\u00e3o, como o do Sistema de Avalia\u00e7\u00e3o da Educa\u00e7\u00e3o B\u00e1sica (Saeb).<\/li>\n\n\n\n<li><strong>Incentivo do Enem:&nbsp;<\/strong>o valor s\u00f3 ser\u00e1 pago aos alunos que conclu\u00edrem o ensino m\u00e9dio e estiverem presentes nos dois dias de provas.<\/li>\n<\/ul>\n\n\n\n<p>Em caso de retorno ap\u00f3s&nbsp;<strong>abandono<\/strong>&nbsp;ou&nbsp;<strong>reprova\u00e7\u00e3o<\/strong>, o governo informou que s\u00f3 pagar\u00e1 o benef\u00edcio&nbsp;<strong>uma \u00fanica vez<\/strong>&nbsp;para cada s\u00e9rie do ensino m\u00e9dio.<\/p>\n\n\n\n<p>\u274c Ser\u00e3o desligados do programa os alunos que:<\/p>\n\n\n\n<ul class=\"wp-block-list\">\n<li>optarem por abandonar o &#8220;P\u00e9-de-meia&#8221;&nbsp;<strong>voluntariamente<\/strong>;<\/li>\n\n\n\n<li>que n\u00e3o estiverem mais dentro dos&nbsp;<strong>crit\u00e9rios de elegibilidade<\/strong>, como idade e inscri\u00e7\u00e3o no Cad\u00danico;<\/li>\n\n\n\n<li>que&nbsp;<strong>reprovarem de ano duas vezes<\/strong>&nbsp;consecutivas;<\/li>\n\n\n\n<li>que&nbsp;<strong>abandonarem os estudos<\/strong>&nbsp;por mais de dois anos;<\/li>\n\n\n\n<li>que cometerem qualquer tipo de&nbsp;<strong>fraude ou irregularidade<\/strong>.<\/li>\n<\/ul>\n\n\n\n<h2 class=\"wp-block-heading\">\ud83d\uddd3\ufe0f Como ser\u00e1 o calend\u00e1rio de pagamento<\/h2>\n\n\n\n<p>O&nbsp;<strong>b\u00f4nus de matr\u00edcula<\/strong>, no valor de R$ 200, ser\u00e1 pago entre os dias<strong>&nbsp;26 de mar\u00e7o e 3 de abril<\/strong>. Caso algum aluno n\u00e3o receba o benef\u00edcio por alguma atualiza\u00e7\u00e3o nos dados do governo, o pagamento ser\u00e1 feito at\u00e9 1\u00ba de julho.<\/p>\n\n\n\n<p>Para o&nbsp;<strong>incentivo de frequ\u00eancia<\/strong>, no valor de R$ 1.600, o pagamento ser\u00e1 feito em oito parcelas. Veja os prazos na tabela a seguir:<\/p>\n\n\n\n<p>Pagamento do incentivo de frequ\u00eancia<\/p>\n\n\n\n<figure class=\"wp-block-table\"><table><tbody><tr><td>Parcela<\/td><td>Pagamento<\/td><\/tr><tr><td>1<\/td><td>de 29\/4 a 6\/5<\/td><\/tr><tr><td>2<\/td><td>de 27\/5 a 3\/6<\/td><\/tr><tr><td>3<\/td><td>de 24\/6 a 1\/7<\/td><\/tr><tr><td>4<\/td><td>de 26\/8 a 2\/9<\/td><\/tr><tr><td>5<\/td><td>de 30\/9 a 7\/10<\/td><\/tr><tr><td>6<\/td><td>de 28\/10 a 4\/11<\/td><\/tr><tr><td>7<\/td><td>de 25\/11 a 2\/12<\/td><\/tr><tr><td>8<\/td><td>de 23\/12 a 30\/12<\/td><\/tr><\/tbody><\/table><\/figure>\n\n\n\n<p>Fonte: Minist\u00e9rio da Educa\u00e7\u00e3o<\/p>\n\n\n\n<p>J\u00e1 em rela\u00e7\u00e3o ao\u00a0<strong>incentivo de conclus\u00e3o<\/strong>, no valor de R$ 1.000, o dep\u00f3sito na poupan\u00e7a estudantil ser\u00e1 feito entre\u00a0<strong>24 de fevereiro de 2025 e 3 de mar\u00e7o de 2025<\/strong>. Caso algum aluno n\u00e3o receba o benef\u00edcio por alguma atualiza\u00e7\u00e3o nos dados do governo, o pagamento ser\u00e1 feito at\u00e9 5 de maio de 2025.<\/p>\n\n\n\n<p>Por fim, o&nbsp;<strong>incentivo para o Enem<\/strong>, de R$ 200, ser\u00e1 depositado entre<strong>&nbsp;23 de dezembro de 2024 e 3 de janeiro de 2025<\/strong>.<\/p>\n","protected":false},"excerpt":{"rendered":"<p>Os alunos contemplados pelo programa P\u00e9-de-Meia que fazem anivers\u00e1rio em janeiro e fevereiro v\u00e3o receber nesta ter\u00e7a-feira (26) a primeira parcela do benef\u00edcio.&nbsp;O valor de R$ 200 \u00e9 referente ao b\u00f4nus de matr\u00edcula e n\u00e3o \u00e9 descontado do incentivo de frequ\u00eancia de R$ 1.800, que ser\u00e1 pago em nove parcelas ao longo do ano.&nbsp;(Veja mais [&hellip;]<\/p>\n","protected":false},"author":2,"featured_media":10052,"comment_status":"open","ping_status":"open","sticky":false,"template":"","format":"standard","meta":{"_jetpack_memberships_contains_paid_content":false,"footnotes":""},"categories":[34],"tags":[],"class_list":["post-10051","post","type-post","status-publish","format-standard","has-post-thumbnail","hentry","category-educacao"],"aioseo_notices":[],"jetpack_featured_media_url":"https:\/\/i0.wp.com\/minutobahia24h.com.br\/wp-content\/uploads\/2024\/03\/Sem-titulo-321.jpg?fit=983%2C650&ssl=1","jetpack_sharing_enabled":true,"_links":{"self":[{"href":"https:\/\/minutobahia24h.com.br\/index.php?rest_route=\/wp\/v2\/posts\/10051","targetHints":{"allow":["GET"]}}],"collection":[{"href":"https:\/\/minutobahia24h.com.br\/index.php?rest_route=\/wp\/v2\/posts"}],"about":[{"href":"https:\/\/minutobahia24h.com.br\/index.php?rest_route=\/wp\/v2\/types\/post"}],"author":[{"embeddable":true,"href":"https:\/\/minutobahia24h.com.br\/index.php?rest_route=\/wp\/v2\/users\/2"}],"replies":[{"embeddable":true,"href":"https:\/\/minutobahia24h.com.br\/index.php?rest_route=%2Fwp%2Fv2%2Fcomments&post=10051"}],"version-history":[{"count":1,"href":"https:\/\/minutobahia24h.com.br\/index.php?rest_route=\/wp\/v2\/posts\/10051\/revisions"}],"predecessor-version":[{"id":10053,"href":"https:\/\/minutobahia24h.com.br\/index.php?rest_route=\/wp\/v2\/posts\/10051\/revisions\/10053"}],"wp:featuredmedia":[{"embeddable":true,"href":"https:\/\/minutobahia24h.com.br\/index.php?rest_route=\/wp\/v2\/media\/10052"}],"wp:attachment":[{"href":"https:\/\/minutobahia24h.com.br\/index.php?rest_route=%2Fwp%2Fv2%2Fmedia&parent=10051"}],"wp:term":[{"taxonomy":"category","embeddable":true,"href":"https:\/\/minutobahia24h.com.br\/index.php?rest_route=%2Fwp%2Fv2%2Fcategories&post=10051"},{"taxonomy":"post_tag","embeddable":true,"href":"https:\/\/minutobahia24h.com.br\/index.php?rest_route=%2Fwp%2Fv2%2Ftags&post=10051"}],"curies":[{"name":"wp","href":"https:\/\/api.w.org\/{rel}","templated":true}]}}